{"id":44652,"date":"2016-11-22T11:06:58","date_gmt":"2016-11-22T10:06:58","guid":{"rendered":"http:\/\/www.santacroceweb.com\/giornale1\/?p=44652"},"modified":"2016-11-22T11:21:33","modified_gmt":"2016-11-22T10:21:33","slug":"celebrata-in-chiesa-la-virgo-fidelis-protettrice-dellarma-dei-carabinieri","status":"publish","type":"post","link":"https:\/\/www.santacroceweb.com\/index.php\/2016\/11\/22\/celebrata-in-chiesa-la-virgo-fidelis-protettrice-dellarma-dei-carabinieri\/","title":{"rendered":"Celebrata in chiesa la &#8220;Virgo Fidelis&#8221;, protettrice dell&#8217;Arma dei Carabinieri"},"content":{"rendered":"<p style=\"text-align: justify;\">Luned\u00ec sera, presso la Chiesa Madre di Santa Croce Camerina, con una intima cerimonia religiosa \u00e8 stata celebrata da Padre Angelo Strada, parroco della comunit\u00e0, la ricorrenza della \u201cVirgo Fidelis\u201d Santa Patrona dell\u2019Arma dei Carabinieri. Alla cerimonia erano presenti tutte le massime autorit\u00e0 civili, militari e religiose del comune, i Marescialli, i Brigadieri, gli Appuntati e i Carabinieri in servizio del Comando delle stazioni locali di Santa Croce Camerina e di Marina di Ragusa, unitamente alle associazioni combattentistiche in congedo delle varie Armi, nonch\u00e9 le vedove e gli orfani dell\u2019Arma. Per l&#8217;occasione era presente anche il capitano Elisabetta Spoti del Comando Provinciale dei Carabinieri.<\/p>\n<p style=\"text-align: justify;\">Fu Papa Pio XII che l\u20198 dicembre 1949, festa di Maria Immacolata, proclam\u00f2 Maria Madre di Ges\u00f9 \u201cVirgo Fidelis Patrona dei Carabinieri\u201d fissando la sua ricorrenza il 21 novembre di ogni anno, in concomitanza con l\u2019anniversario della \u201cBattaglia di Culqualber\u201d, combattuta dal 1\u00b0 Battaglione Carabinieri e mobilitato nel 1941 in Africa Orientale. Durante la cerimonia \u00e8 stata recitata dal comandate della stazione locale Maresciallo Luigi Valenti la \u201cPreghiera del Carabiniere\u201d, che ha ricordato anche che i valori morali tipici dei Carabinieri, come la fedelt\u00e0, sono saldamente radicati nella nostra Santa patrona che ne costituisce una costante testimonianza. Al termine della celebrazione, tutti i partecipanti si sono dati appuntamento per la cena di ringraziamento presso il locale &#8220;Il Vecchio Mulino&#8221; a Santa Croce Camerina.<\/p>\n","protected":false},"excerpt":{"rendered":"<p>Luned\u00ec sera, presso la Chiesa Madre di Santa Croce Camerina, con una intima cerimonia religiosa \u00e8 stata celebrata da Padre Angelo Strada, parroco della comunit\u00e0, la ricorrenza della \u201cVirgo Fidelis\u201d Santa Patrona dell\u2019Arma dei Carabinieri. Alla cerimonia erano presenti tutte le massime autorit\u00e0 civili, militari e religiose del comune, i Marescialli, i Brigadieri, gli Appuntati [&hellip;]<\/p>\n","protected":false},"author":34,"featured_media":44653,"comment_status":"open","ping_status":"open","sticky":false,"template":"","format":"standard","meta":{"footnotes":""},"categories":[8],"tags":[],"class_list":["post-44652","post","type-post","status-publish","format-standard","has-post-thumbnail","hentry","category-attualita"],"_links":{"self":[{"href":"https:\/\/www.santacroceweb.com\/index.php\/wp-json\/wp\/v2\/posts\/44652","targetHints":{"allow":["GET"]}}],"collection":[{"href":"https:\/\/www.santacroceweb.com\/index.php\/wp-json\/wp\/v2\/posts"}],"about":[{"href":"https:\/\/www.santacroceweb.com\/index.php\/wp-json\/wp\/v2\/types\/post"}],"author":[{"embeddable":true,"href":"https:\/\/www.santacroceweb.com\/index.php\/wp-json\/wp\/v2\/users\/34"}],"replies":[{"embeddable":true,"href":"https:\/\/www.santacroceweb.com\/index.php\/wp-json\/wp\/v2\/comments?post=44652"}],"version-history":[{"count":0,"href":"https:\/\/www.santacroceweb.com\/index.php\/wp-json\/wp\/v2\/posts\/44652\/revisions"}],"wp:featuredmedia":[{"embeddable":true,"href":"https:\/\/www.santacroceweb.com\/index.php\/wp-json\/wp\/v2\/media\/44653"}],"wp:attachment":[{"href":"https:\/\/www.santacroceweb.com\/index.php\/wp-json\/wp\/v2\/media?parent=44652"}],"wp:term":[{"taxonomy":"category","embeddable":true,"href":"https:\/\/www.santacroceweb.com\/index.php\/wp-json\/wp\/v2\/categories?post=44652"},{"taxonomy":"post_tag","embeddable":true,"href":"https:\/\/www.santacroceweb.com\/index.php\/wp-json\/wp\/v2\/tags?post=44652"}],"curies":[{"name":"wp","href":"https:\/\/api.w.org\/{rel}","templated":true}]}}