{"id":44985,"date":"2016-11-30T15:08:56","date_gmt":"2016-11-30T14:08:56","guid":{"rendered":"http:\/\/www.santacroceweb.com\/giornale1\/?p=44985"},"modified":"2016-11-30T15:09:15","modified_gmt":"2016-11-30T14:09:15","slug":"tutto-su-bullismo-e-cyberbullismo-a-scuola-incontro-genitori-pedagogista","status":"publish","type":"post","link":"https:\/\/www.santacroceweb.com\/index.php\/2016\/11\/30\/tutto-su-bullismo-e-cyberbullismo-a-scuola-incontro-genitori-pedagogista\/","title":{"rendered":"Tutto su bullismo e cyberbullismo: a scuola incontro genitori-pedagogista"},"content":{"rendered":"<p style=\"text-align: justify;\">La sala Falcone-Borsellino dell&#8217;Istituto comprensivo &#8220;Psaumide&#8221; di Santa Croce Camerina ha ospitato, il 30 novembre, un incontro sul bullismo che ha previsto la presenza dei genitori degli studenti. A spiegare il fenomeno e le sue molteplici sfaccettature il dott. Giuseppe Raffa, pedagogista dell&#8217;ASP di Ragusa, nonch\u00e9 specialista in tematiche giovanili. Assente giustificata la preside dell&#8217;Istituto, Giovanna Campo, che nello stesso momento si trovava in Prefettura a Ragusa per chiedere collaborazione in merito al fenomeno. &#8220;Contro il bullismo si richiede l&#8217;intervento di tutte le agenzie educative fra cui la Prefettura &#8211; ha ammesso Raffa -. I genitori di oggi sono pi\u00f9 ignoranti dal punto di vista tecnologico. In passato erano i genitori a dare risposte alle domande dei figli, adesso siamo noi che chiediamo a loro in merito alle nuove tecnologie. Il controllo di oggi verte su due direttive: bullismo e cyberbullismo. La scuola \u00e8 il luogo dove questi fenomeni su verificano pi\u00f9 spesso&#8221;. Raffa ha poi spiegato il bullismo partendo dalle sue varie sfaccettature, dai protagonisti, ma anche del bullismo femminile che sta diventando anch&#8217;esso molto frequente, fino a sottolineare come un ruolo di grande responsabilit\u00e0 compete alle famiglie. Si \u00e8 evidenziato che se, in passato, i bulli avevano alle spalle famiglie esclusivamente disagiate oggi non \u00e8 pi\u00f9 cos\u00ec, anzi molti giovani diventano dei bulli pur appartenendo a famiglie colte ed abbienti. &#8220;C&#8217;\u00e8 una mancanza di empatia ed un analfabetismo emotivo nel bullo&#8221; ha aggiunto Giuseppe Raffa, mettendo in luce che in merito a questo le famiglie hanno delle grosse responsabilit\u00e0, fra cui una scarsa o inesistente educazione emotiva verso i loro figli.<\/p>\n<p style=\"text-align: justify;\">La preside Giovanna Campo, precedentemente contattata in merito a ci\u00f2 che la scuola sta attivando per arginare questo grave fenomeno, si \u00e8 cos\u00ec espressa: &#8220;L\u2019istituto gi\u00e0 da tempo organizza e promuove azioni di formazione e informazione al fine di prevenire il fenomeno del bullismo e del cyberbullismo. La complessa realt\u00e0 che si \u00e8 venuta a creare nel paese, dovuta a diversi fattori tra i quali ritengo predominanti la crisi economica e la trasformazione del tessuto sociale che diventa ogni giorno sempre pi\u00f9 multietnico con tutte le difficolt\u00e0 insite in essa, richiede un\u2019azione massiccia condivisa e affrontata all\u2019interno di una vera e propria rete di esperti in diversi settori che possano offrire contributi specifici per prevenire e\/o arginare il fenomeno. Alcuni eventi di presunto bullismo verificatosi di recente mi hanno spinta ancor di pi\u00f9 a richiedere collaborazioni su pi\u00f9 fronti al fine di progettare ed attuare interventi massicci e continui. Sono stati coinvolti l\u2019Ente locale, le forze dell\u2019ordine, l\u2019A.S.P. di Ragusa, i genitori e tutto il personale della scuola. Il comando dei Carabinieri di Ragusa ha immediatamente risposto con un intervento informativo che si \u00e8 svolto marted\u00ec 22.11.2016 nei locali dell\u2019istituto, rivolto agli alunni delle classi terze della scuola secondaria di primo grado tenuto dal capitano Elisabetta Spoti che, usando una metodologia adeguata, ha centrato il cuore del problema ed \u00e8 riuscita a coinvolgere i ragazzi. Nei contatti avuti anche con il comandante della locale stazione dei carabinieri si sta concertando un intervento \u201cantidroga\u201d che potrebbe coinvolgere una unit\u00e0 cinofila in funzione sia dimostrativa che preventiva. Si sta valutando l\u2019idea di installare delle telecamere nei tipici \u201cluoghi del bullismo\u201d: antibagni e immediate pertinenze della scuola. Il servizio di neuropsichiatria infantile si sta prodigando per risolvere lo specifico problema che ha coinvolto la classe 1^C senza dimenticare che lo stesso \u00e8 solo la punta di un iceberg e che il fenomeno va affrontato pianificando azioni che dovranno dispiegarsi nel lungo periodo. In primo luogo l\u2019inserimento degli alunni stranieri che avrebbe bisogno di competenze che esulano da quelle dei docenti della classe che, sebbene si prodighino e diano il meglio di s\u00e9 nell\u2019accoglienza, non possono certamente supplire alle competenze esperte di mediatori linguistici, insegnanti di italiano L2, di educatori, psicologi, neuropsichiatri infantili e assistenti sociali che dovrebbero circondare, come in un caldo abbraccio, i nuovi arrivati e le classi accoglienti, in quanto ogni etnia \u00e8 portatrice di una cultura propria che, per essere integrata o meglio per consentire l\u2019interazione dei diversi attori necessita degli interventi specialistici di cui sopra. Oltre alle azioni rivolte ai ragazzi &#8211; continua la preside &#8211; si stanno pianificando azioni che coinvolgeranno non solo il corpo docente, ma anche i genitori, i primi in attivit\u00e0 di aggiornamento sulle \u201cNuove adolescenze\u201d e i secondi in azioni di formazione sul ruolo genitoriale, sul bullismo e sul cyberbullismo, tutte tematiche che verranno affrontate in continuit\u00e0 con i percorsi formativi gi\u00e0 avviati nell\u2019anno scolastico precedente, ma che hanno fatto registrare una scarsa presenza delle famiglie. La sottoscritta ha chiesto all\u2019ente locale di rafforzare la presenza dei Vigili Urbani in piazza degli Studi, non solo nei momenti di entrata e di uscita degli alunni ma anche nelle ore pomeridiane e serali&#8221;.<\/p>\n<p style=\"text-align: justify;\">Prossimamente anche nell&#8217;istituto santacrocese verr\u00e0 avviato il progetto &#8220;Attenti al lupo&#8221; , gi\u00e0 partito a Vittoria, Comiso e Acate. Ideato dal dott. Giuseppe Raffa, in collaborazione con Radio Sole di Vittoria, per far conoscere e prevenire i bullismi, si avvale del principio fondato da una rete di aiuti, costituita da soggetti di varia competenza e pronti a collaborare insieme.<\/p>\n<div id='gallery-1' class='gallery galleryid-44985 gallery-columns-3 gallery-size-thumbnail'><figure class='gallery-item'>\n\t\t\t<div class='gallery-icon landscape'>\n\t\t\t\t<a href='https:\/\/www.santacroceweb.com\/5-46\/'><img decoding=\"async\" width=\"150\" height=\"150\" src=\"https:\/\/www.santacroceweb.com\/giornale1\/wp-content\/uploads\/2016\/11\/5-1.jpg\" class=\"attachment-thumbnail size-thumbnail jl-lazyload lazyload\" alt=\"\" data-src=\"https:\/\/www.santacroceweb.com\/giornale1\/wp-content\/uploads\/2016\/11\/5-1-150x150.jpg\" \/><\/a>\n\t\t\t<\/div><\/figure><figure class='gallery-item'>\n\t\t\t<div class='gallery-icon landscape'>\n\t\t\t\t<a href='https:\/\/www.santacroceweb.com\/4-62\/'><img decoding=\"async\" width=\"150\" height=\"150\" src=\"https:\/\/www.santacroceweb.com\/giornale1\/wp-content\/uploads\/2016\/11\/4-1.jpg\" class=\"attachment-thumbnail size-thumbnail jl-lazyload lazyload\" alt=\"\" data-src=\"https:\/\/www.santacroceweb.com\/giornale1\/wp-content\/uploads\/2016\/11\/4-1-150x150.jpg\" \/><\/a>\n\t\t\t<\/div><\/figure><figure class='gallery-item'>\n\t\t\t<div class='gallery-icon landscape'>\n\t\t\t\t<a href='https:\/\/www.santacroceweb.com\/2-119\/'><img decoding=\"async\" width=\"150\" height=\"150\" src=\"https:\/\/www.santacroceweb.com\/giornale1\/wp-content\/uploads\/2016\/11\/2-2.jpg\" class=\"attachment-thumbnail size-thumbnail jl-lazyload lazyload\" alt=\"\" data-src=\"https:\/\/www.santacroceweb.com\/giornale1\/wp-content\/uploads\/2016\/11\/2-2-150x150.jpg\" \/><\/a>\n\t\t\t<\/div><\/figure><figure class='gallery-item'>\n\t\t\t<div class='gallery-icon landscape'>\n\t\t\t\t<a href='https:\/\/www.santacroceweb.com\/1-153\/'><img loading=\"lazy\" decoding=\"async\" width=\"150\" height=\"150\" src=\"https:\/\/www.santacroceweb.com\/giornale1\/wp-content\/uploads\/2016\/11\/1-2.jpg\" class=\"attachment-thumbnail size-thumbnail jl-lazyload lazyload\" alt=\"\" data-src=\"https:\/\/www.santacroceweb.com\/giornale1\/wp-content\/uploads\/2016\/11\/1-2-150x150.jpg\" \/><\/a>\n\t\t\t<\/div><\/figure><figure class='gallery-item'>\n\t\t\t<div class='gallery-icon landscape'>\n\t\t\t\t<a href='https:\/\/www.santacroceweb.com\/3-79\/'><img loading=\"lazy\" decoding=\"async\" width=\"150\" height=\"150\" src=\"https:\/\/www.santacroceweb.com\/giornale1\/wp-content\/uploads\/2016\/11\/3-2.jpg\" class=\"attachment-thumbnail size-thumbnail jl-lazyload lazyload\" alt=\"\" data-src=\"https:\/\/www.santacroceweb.com\/giornale1\/wp-content\/uploads\/2016\/11\/3-2-150x150.jpg\" \/><\/a>\n\t\t\t<\/div><\/figure>\n\t\t<\/div>\n\n","protected":false},"excerpt":{"rendered":"<p>La sala Falcone-Borsellino dell&#8217;Istituto comprensivo &#8220;Psaumide&#8221; di Santa Croce Camerina ha ospitato, il 30 novembre, un incontro sul bullismo che ha previsto la presenza dei genitori degli studenti. A spiegare il fenomeno e le sue molteplici sfaccettature il dott. Giuseppe Raffa, pedagogista dell&#8217;ASP di Ragusa, nonch\u00e9 specialista in tematiche giovanili. Assente giustificata la preside dell&#8217;Istituto, [&hellip;]<\/p>\n","protected":false},"author":4,"featured_media":44988,"comment_status":"open","ping_status":"open","sticky":false,"template":"","format":"gallery","meta":{"footnotes":""},"categories":[8],"tags":[],"class_list":["post-44985","post","type-post","status-publish","format-gallery","has-post-thumbnail","hentry","category-attualita","post_format-post-format-gallery"],"_links":{"self":[{"href":"https:\/\/www.santacroceweb.com\/index.php\/wp-json\/wp\/v2\/posts\/44985","targetHints":{"allow":["GET"]}}],"collection":[{"href":"https:\/\/www.santacroceweb.com\/index.php\/wp-json\/wp\/v2\/posts"}],"about":[{"href":"https:\/\/www.santacroceweb.com\/index.php\/wp-json\/wp\/v2\/types\/post"}],"author":[{"embeddable":true,"href":"https:\/\/www.santacroceweb.com\/index.php\/wp-json\/wp\/v2\/users\/4"}],"replies":[{"embeddable":true,"href":"https:\/\/www.santacroceweb.com\/index.php\/wp-json\/wp\/v2\/comments?post=44985"}],"version-history":[{"count":0,"href":"https:\/\/www.santacroceweb.com\/index.php\/wp-json\/wp\/v2\/posts\/44985\/revisions"}],"wp:featuredmedia":[{"embeddable":true,"href":"https:\/\/www.santacroceweb.com\/index.php\/wp-json\/wp\/v2\/media\/44988"}],"wp:attachment":[{"href":"https:\/\/www.santacroceweb.com\/index.php\/wp-json\/wp\/v2\/media?parent=44985"}],"wp:term":[{"taxonomy":"category","embeddable":true,"href":"https:\/\/www.santacroceweb.com\/index.php\/wp-json\/wp\/v2\/categories?post=44985"},{"taxonomy":"post_tag","embeddable":true,"href":"https:\/\/www.santacroceweb.com\/index.php\/wp-json\/wp\/v2\/tags?post=44985"}],"curies":[{"name":"wp","href":"https:\/\/api.w.org\/{rel}","templated":true}]}}