{"id":45223,"date":"2016-12-08T09:18:23","date_gmt":"2016-12-08T08:18:23","guid":{"rendered":"http:\/\/www.santacroceweb.com\/giornale1\/?p=45223"},"modified":"2016-12-08T11:23:48","modified_gmt":"2016-12-08T10:23:48","slug":"cade-il-governo-regione-teme-stop-a-rete-ospedaliera-occorre-forzare-i-tempi","status":"publish","type":"post","link":"https:\/\/www.santacroceweb.com\/index.php\/2016\/12\/08\/cade-il-governo-regione-teme-stop-a-rete-ospedaliera-occorre-forzare-i-tempi\/","title":{"rendered":"Cade il governo, Regione teme stop a rete ospedaliera: &#8220;Ora forziamo i tempi&#8221;"},"content":{"rendered":"<p style=\"text-align: justify;\">&#8220;All&#8217;assessore Gucciardi chiediamo un atto di coraggio affinch\u00e9 la rete ospedaliera da lui proposta possa trovare finalmente la luce per dare stabilit\u00e0 all&#8217;Isola dal punto di vista sanitario&#8221;. Lo chiede il Nursind, il sindacato delle professioni infermieristiche guidato in Sicilia da Francesco Frittitta. &#8220;Serve stabilit\u00e0 ai lavoratori &#8211; prosegue Frittitta &#8211; la cercano ormai da troppi anni. La nuova rete consentirebbe di procedere con i concorsi, la mobilit\u00e0 e le stabilizzazioni&#8221;. Secondo il sindacato delle professioni infermieristiche, visto il risultato del referendum e la crisi di governo, c&#8217;\u00e8 il rischio che i tempi di attuazione della nuova rete possano allungarsi perch\u00e9 il confronto col ministero della Salute potrebbe essere difficoltoso. Per questo il Nursind chiede all&#8217;assessore di varare subito la rete &#8220;poich\u00e9 continuare con il balletto dei rinnovi semestrali non d\u00e0 continuit\u00e0 a un&#8217;assistenza ormai moribonda&#8221;.<\/p>\n<p style=\"text-align: justify;\">Ma la famosa rete ospedaliera pronta non \u00e8. O meglio, lo sarebbe pure, ma adesso, con chi si dialoga per avere il via libera? \u201cSarebbe grave \u2013 spiega a Livesicilia l&#8217;assessore regionale alla Salute, Baldassarre Gucciardi \u2013 se l&#8217;iter per l&#8217;esame della Rete si fermasse a causa delle vicende che riguardano il governo nazionale. Ma finora \u2013 rassicura \u2013 non ho avuto elementi che mi spingano a essere pessimista\u201d. In particolare, spiega Gucciardi, per i concorsi della cosiddetta \u201cemergenza-urgenza\u201d: \u201cCirca duemila posti di lavoro che potrebbero essere messi a bando subito\u201d. Se solo il Mef desse il via libera. Ma adesso, il Ministro dell&#8217;Economia Pier Carlo Padoan, \u00e8 proprio tra i papabili a ricoprire il ruolo di presidente del Consiglio, nel caso in cui nascesse a Roma un \u201cgoverno di scopo\u201d utile a varare alcune riforme-chiave (compresa una nuova legge elettorale), prima del voto.<\/p>\n<p style=\"text-align: justify;\">&#8220;Basta aspettare! Molti di quei passaggi \u2013 precisa il presidente della Commissione Sanit\u00e0 all&#8217;Ars, Pippo Digiacomo \u2013 sono sostanzialmente tecnici, quindi credo che si possa andare avanti dialogando con i dirigenti. Che devono comunque seguire un indirizzo politico. Si assumeranno questa responsabilit\u00e0, visto che il governo che nascer\u00e0 (o rester\u00e0 in piedi) dovr\u00e0 limitarsi alla manovra finanziaria? Certo \u2013 aggiunge per\u00f2 Digiacomo \u2013 il fatto che salti un governo non \u00e8 certamente irrilevante. A questo punto, forse sarebbe il caso di accelerare, di forzare: Gucciardi porti la Rete ospedaliera in Commissione Sanit\u00e0 e faccia il decreto. Se il Ministero vorr\u00e0 contestare qualcosa, potr\u00e0 farlo in seguito. Vorrei vedere se si trattasse della salute dei loro congiunti, se l&#8217;avrebbero presa cos\u00ec comoda, questi \u2018signorn\u00f2\u2019 che hanno messo in croce tre assessori, due governatori e due parlamenti. Si \u00e8 andato oltre \u2013 conclude \u2013 ogni ragionevole sopportazione\u201d.<\/p>\n","protected":false},"excerpt":{"rendered":"<p>&#8220;All&#8217;assessore Gucciardi chiediamo un atto di coraggio affinch\u00e9 la rete ospedaliera da lui proposta possa trovare finalmente la luce per dare stabilit\u00e0 all&#8217;Isola dal punto di vista sanitario&#8221;. Lo chiede il Nursind, il sindacato delle professioni infermieristiche guidato in Sicilia da Francesco Frittitta. &#8220;Serve stabilit\u00e0 ai lavoratori &#8211; prosegue Frittitta &#8211; la cercano ormai da [&hellip;]<\/p>\n","protected":false},"author":34,"featured_media":45224,"comment_status":"open","ping_status":"open","sticky":false,"template":"","format":"standard","meta":{"footnotes":""},"categories":[4],"tags":[],"class_list":["post-45223","post","type-post","status-publish","format-standard","has-post-thumbnail","hentry","category-politica"],"_links":{"self":[{"href":"https:\/\/www.santacroceweb.com\/index.php\/wp-json\/wp\/v2\/posts\/45223","targetHints":{"allow":["GET"]}}],"collection":[{"href":"https:\/\/www.santacroceweb.com\/index.php\/wp-json\/wp\/v2\/posts"}],"about":[{"href":"https:\/\/www.santacroceweb.com\/index.php\/wp-json\/wp\/v2\/types\/post"}],"author":[{"embeddable":true,"href":"https:\/\/www.santacroceweb.com\/index.php\/wp-json\/wp\/v2\/users\/34"}],"replies":[{"embeddable":true,"href":"https:\/\/www.santacroceweb.com\/index.php\/wp-json\/wp\/v2\/comments?post=45223"}],"version-history":[{"count":0,"href":"https:\/\/www.santacroceweb.com\/index.php\/wp-json\/wp\/v2\/posts\/45223\/revisions"}],"wp:featuredmedia":[{"embeddable":true,"href":"https:\/\/www.santacroceweb.com\/index.php\/wp-json\/wp\/v2\/media\/45224"}],"wp:attachment":[{"href":"https:\/\/www.santacroceweb.com\/index.php\/wp-json\/wp\/v2\/media?parent=45223"}],"wp:term":[{"taxonomy":"category","embeddable":true,"href":"https:\/\/www.santacroceweb.com\/index.php\/wp-json\/wp\/v2\/categories?post=45223"},{"taxonomy":"post_tag","embeddable":true,"href":"https:\/\/www.santacroceweb.com\/index.php\/wp-json\/wp\/v2\/tags?post=45223"}],"curies":[{"name":"wp","href":"https:\/\/api.w.org\/{rel}","templated":true}]}}