{"id":45570,"date":"2016-12-16T15:34:34","date_gmt":"2016-12-16T14:34:34","guid":{"rendered":"http:\/\/www.santacroceweb.com\/giornale1\/?p=45570"},"modified":"2016-12-16T15:34:34","modified_gmt":"2016-12-16T14:34:34","slug":"troppe-buche-ciclisti-e-motociclisti-a-rischio-non-e-solo-colpa-del-maltempo","status":"publish","type":"post","link":"https:\/\/www.santacroceweb.com\/index.php\/2016\/12\/16\/troppe-buche-ciclisti-e-motociclisti-a-rischio-non-e-solo-colpa-del-maltempo\/","title":{"rendered":"Troppe buche, ciclisti e motociclisti a rischio: non \u00e8 (solo) colpa del maltempo"},"content":{"rendered":"<p style=\"text-align: justify;\">L&#8217;abitudine e l&#8217;assuefazione a vedere le buche a Santa Croce rappresenta un grave problema per la sicurezza di tutti, dai pedoni agli automobilisti, ma in particolare per ciclisti e motociclisti ai quali possono provocare rovinose cadute, anche con gravi conseguenze, o costringerli a repentini cambi di traiettoria che nel traffico possono risultare altrettanto pericolosi.\u00a0Ma perch\u00e9 si formano? Certamente non si pu\u00f2 dare la colpa delle buche sempre e solo alle piogge e all&#8217;inverno inclemente.\u00a0E\u2019 una questione di cultura tecnica e di corretto approccio al problema. Le buche non si devono formare! Se ci\u00f2 avviene \u00e8 evidente che qualcosa non funziona come dovrebbe!<\/p>\n<p style=\"text-align: justify;\">Purtroppo sembra che alle buche ci siamo tutti stranamente abituati. Le diamo per scontate e non ci indigniamo come invece dovremmo, ci\u00f2 che fanno gli &#8220;ospiti&#8221; provenienti da altre citt\u00e0. Le strade senza buche sono oramai delle eccezioni e non la norma, e la colpa non \u00e8 delle condizioni climatiche n\u00e9 tanto meno di quei cittadini che da mesi le segnalano: ad esempio in via Colomba, via Ariosto e tante, tante altre vie diventate impercorribili. Sono finiti i tempi di vedere le strade riasfaltate\u00a0alla vigilia delle elezioni, mentre rimane l&#8217;arroganza di una amministrazione che &#8211; a dire dei residenti &#8211; risponde attraverso gli operai: &#8220;Non possiamo coprirle&#8230; perch\u00e9 non abbiamo la segnalazione dell&#8217;ufficio tecnico&#8221;.<\/p>\n","protected":false},"excerpt":{"rendered":"<p>L&#8217;abitudine e l&#8217;assuefazione a vedere le buche a Santa Croce rappresenta un grave problema per la sicurezza di tutti, dai pedoni agli automobilisti, ma in particolare per ciclisti e motociclisti ai quali possono provocare rovinose cadute, anche con gravi conseguenze, o costringerli a repentini cambi di traiettoria che nel traffico possono risultare altrettanto pericolosi.\u00a0Ma perch\u00e9 [&hellip;]<\/p>\n","protected":false},"author":26,"featured_media":45572,"comment_status":"open","ping_status":"open","sticky":false,"template":"","format":"standard","meta":{"footnotes":""},"categories":[8,11],"tags":[],"class_list":["post-45570","post","type-post","status-publish","format-standard","has-post-thumbnail","hentry","category-attualita","category-primopiano"],"_links":{"self":[{"href":"https:\/\/www.santacroceweb.com\/index.php\/wp-json\/wp\/v2\/posts\/45570","targetHints":{"allow":["GET"]}}],"collection":[{"href":"https:\/\/www.santacroceweb.com\/index.php\/wp-json\/wp\/v2\/posts"}],"about":[{"href":"https:\/\/www.santacroceweb.com\/index.php\/wp-json\/wp\/v2\/types\/post"}],"author":[{"embeddable":true,"href":"https:\/\/www.santacroceweb.com\/index.php\/wp-json\/wp\/v2\/users\/26"}],"replies":[{"embeddable":true,"href":"https:\/\/www.santacroceweb.com\/index.php\/wp-json\/wp\/v2\/comments?post=45570"}],"version-history":[{"count":0,"href":"https:\/\/www.santacroceweb.com\/index.php\/wp-json\/wp\/v2\/posts\/45570\/revisions"}],"wp:featuredmedia":[{"embeddable":true,"href":"https:\/\/www.santacroceweb.com\/index.php\/wp-json\/wp\/v2\/media\/45572"}],"wp:attachment":[{"href":"https:\/\/www.santacroceweb.com\/index.php\/wp-json\/wp\/v2\/media?parent=45570"}],"wp:term":[{"taxonomy":"category","embeddable":true,"href":"https:\/\/www.santacroceweb.com\/index.php\/wp-json\/wp\/v2\/categories?post=45570"},{"taxonomy":"post_tag","embeddable":true,"href":"https:\/\/www.santacroceweb.com\/index.php\/wp-json\/wp\/v2\/tags?post=45570"}],"curies":[{"name":"wp","href":"https:\/\/api.w.org\/{rel}","templated":true}]}}