{"id":46448,"date":"2017-01-28T11:21:53","date_gmt":"2017-01-28T10:21:53","guid":{"rendered":"http:\/\/www.santacroceweb.com\/giornale1\/?p=46448"},"modified":"2017-01-28T12:09:34","modified_gmt":"2017-01-28T11:09:34","slug":"consiglio-mandara-giura-col-botto-mi-dichiaro-indipendente-video","status":"publish","type":"post","link":"https:\/\/www.santacroceweb.com\/index.php\/2017\/01\/28\/consiglio-mandara-giura-col-botto-mi-dichiaro-indipendente-video\/","title":{"rendered":"Consiglio, Mandar\u00e0 giura col botto: &#8220;Mi dichiaro subito indipendente&#8221; <font color=red>VIDEO<\/font>"},"content":{"rendered":"<p style=\"text-align: justify;\">Quella che doveva essere una seduta del Consiglio comunale tranquilla (e quasi &#8220;festaiola&#8221;) &#8211;\u00a0c\u2019era l&#8217;insediamento del\u00a0nuovo segretario comunale e la surroga di Maria Zisa con Salvatore\u00a0Mandar\u00e0 &#8211; \u00e8 risultata essere invece una delle sedute pi\u00f9 traumatiche\u00a0per l\u2019amministrazione comunale capitanata da Franca Iurato. Ebbene, dopo la presentazione del nuovo segretario, il dott. Francesco Piro di Siculiana in provincia di Agrigento, arriva il turno dell\u2019insediamento del neo consigliere comunale Salvatore Mandar\u00e0, eletto nelle file de \u201cIl Paese che Vogliamo\u201d, che prende il posto della dimissionaria Maria Zisa. Mandar\u00e0 giura ripetendo la formula canonica, da quel momento diventa a tutti gli effetti consigliere comunale.<\/p>\n<p style=\"text-align: justify;\">Dopo aver preso posto nello scranno a lui riservato, chiede di prendere la parola: \u201cIn ottemperanza al giuramento prestato e in considerazione del buon andamento di questa Amministrazione che ha portato alla risoluzione di importanti problematiche, per le quali la popolazione di S.Croce ne sentiva la necessit\u00e0 e ne era particolarmente afflitta vedasi\u2026\u201d e incomincia sciorinare una lunga serie di azioni negative messe in atto dalla giunta Iurato. Nell\u2019aula scende il gelo: il pubblico, dapprima perplesso e poi divertito, stenta a credere nelle bordate pesantissime contro l\u2019amministrazione del sindaco da lui voluto e appoggiato. \u201cPer tutti questi motivi &#8211; conclude Mandar\u00e0 &#8211; mi dichiaro fin da subito indipendente\u201d. Ma cosa ha mai\u00a0detto il Mandar\u00e0? <span style=\"text-decoration: underline;\"><span style=\"color: #ff0000;\"><a style=\"color: #ff0000;\" href=\"https:\/\/www.santacroceweb.com\/giornale1\/wp-content\/uploads\/2017\/01\/Documento.pdf\"><strong>Nel testo completo in allegato PDF che trovate qui<\/strong><\/a><\/span><\/span>, non risparmia accuse pesantissime che, formulate da uno di \u201cloro\u201d, assumono una importanza eccezionale visto l\u2019imminente tornata elettorale di primavera. Nessuno si aspettava una reazione simile, probabilmente neanche i suoi compagni di partito.<\/p>\n<p style=\"text-align: justify;\">Mandar\u00e0, carabiniere in pensione, ha dimostrato schiena dritta e coerenza politica, dote rarissima in politica. Ma non \u00e8 ancora finita&#8230; Dopo le accuse rivolte al sindaco, chiede di fare una proposta: &#8220;Confesso che stare seduto in quest\u2019aula consiliare mi fa sentire un privilegiato e troppo distante dai cittadini elettori. Qui si hanno sedie comode e una porzione di aula pi\u00f9 spaziosa di quella riservata al pubblico. Premesso quanto sopra, propongo che i prossimi consigli comunali vengano convocati e svolti in biblioteca comunale, dove tutti possano sentirsi partecipi della vita collettiva stando comodamente seduti, auspicando la presenza pi\u00f9 numerosa possibile. E, cosa non trascurabile per un paese che si definisce civile, si permetterebbe ai portatori di handicap di assistere alle discussioni consiliari&#8221;. La risposta, dopo alcuni minuti di sospensione per verificare la fattibilit\u00e0 della proposta, \u00e8 la seguente: &#8220;Bisogna formalizzare la proposta per iscritto e inserirla nell\u2019ordine del giorno di una prossima convocazione del massimo consesso&#8221;. La controproposta non si fa attendere: &#8220;Ritiro l\u2019opzione, perch\u00e9 la prossima seduta avverr\u00e0 con ogni probabilit\u00e0 il prossimo giugno, troppo tardi\u2026&#8221;.<\/p>\n<p style=\"text-align: justify;\">Non sfuggir\u00e0 il tono sarcastico con cui viene liquidata la faccenda. Poi pi\u00f9 niente: la seduta viene rinviata al prossimo venerd\u00ec. Si doveva discutere di Piano regolatore ma i tecnici incaricati, che, pagati profumatamente, dovevano illustrare il loro lavoro, non erano in aula. Guardate l&#8217;intervista a caldo\u00a0al neo consigliere.<\/p>\n<div class=\"jlvid_container \"><iframe title=\"Intervista al consigliere comunale Salvuccio Mandar\u00e0\" frameborder=\"0\" width=\"1200\" height=\"674\" src=\"https:\/\/geo.dailymotion.com\/player.html?video=x59x27o&#038;\" allowfullscreen allow=\"autoplay; fullscreen; picture-in-picture; web-share\"><\/iframe><\/div>\n<div id='gallery-1' class='gallery galleryid-46448 gallery-columns-3 gallery-size-thumbnail'><figure class='gallery-item'>\n\t\t\t<div class='gallery-icon landscape'>\n\t\t\t\t<a href='https:\/\/www.santacroceweb.com\/index.php\/2017\/01\/28\/consiglio-mandara-giura-col-botto-mi-dichiaro-indipendente-video\/dav-3\/'><img decoding=\"async\" width=\"150\" height=\"150\" src=\"https:\/\/www.santacroceweb.com\/giornale1\/wp-content\/uploads\/2017\/01\/IMG_20170127_1844291.jpg\" class=\"attachment-thumbnail size-thumbnail jl-lazyload lazyload\" alt=\"\" aria-describedby=\"gallery-1-46449\" data-src=\"https:\/\/www.santacroceweb.com\/giornale1\/wp-content\/uploads\/2017\/01\/IMG_20170127_1844291-150x150.jpg\" \/><\/a>\n\t\t\t<\/div>\n\t\t\t\t<figcaption class='wp-caption-text gallery-caption' id='gallery-1-46449'>\n\t\t\t\tIl giuramento di Salvatore Mandar\u00e0\n\t\t\t\t<\/figcaption><\/figure><figure class='gallery-item'>\n\t\t\t<div class='gallery-icon landscape'>\n\t\t\t\t<a href='https:\/\/www.santacroceweb.com\/index.php\/2017\/01\/28\/consiglio-mandara-giura-col-botto-mi-dichiaro-indipendente-video\/bst\/'><img decoding=\"async\" width=\"150\" height=\"150\" src=\"https:\/\/www.santacroceweb.com\/giornale1\/wp-content\/uploads\/2017\/01\/IMG_20170127_183043_BURST001_COVER.jpg\" class=\"attachment-thumbnail size-thumbnail jl-lazyload lazyload\" alt=\"\" aria-describedby=\"gallery-1-46450\" data-src=\"https:\/\/www.santacroceweb.com\/giornale1\/wp-content\/uploads\/2017\/01\/IMG_20170127_183043_BURST001_COVER-150x150.jpg\" \/><\/a>\n\t\t\t<\/div>\n\t\t\t\t<figcaption class='wp-caption-text gallery-caption' id='gallery-1-46450'>\n\t\t\t\tIl giuramento di Salvatore Mandar\u00e0\n\t\t\t\t<\/figcaption><\/figure><figure class='gallery-item'>\n\t\t\t<div class='gallery-icon landscape'>\n\t\t\t\t<a href='https:\/\/www.santacroceweb.com\/index.php\/2017\/01\/28\/consiglio-mandara-giura-col-botto-mi-dichiaro-indipendente-video\/dav-4\/'><img decoding=\"async\" width=\"150\" height=\"150\" src=\"https:\/\/www.santacroceweb.com\/giornale1\/wp-content\/uploads\/2017\/01\/IMG_20170127_183647.jpg\" class=\"attachment-thumbnail size-thumbnail jl-lazyload lazyload\" alt=\"\" aria-describedby=\"gallery-1-46451\" data-src=\"https:\/\/www.santacroceweb.com\/giornale1\/wp-content\/uploads\/2017\/01\/IMG_20170127_183647-150x150.jpg\" \/><\/a>\n\t\t\t<\/div>\n\t\t\t\t<figcaption class='wp-caption-text gallery-caption' id='gallery-1-46451'>\n\t\t\t\tIl nuovo segretario\n\t\t\t\t<\/figcaption><\/figure><figure class='gallery-item'>\n\t\t\t<div class='gallery-icon landscape'>\n\t\t\t\t<a href='https:\/\/www.santacroceweb.com\/index.php\/2017\/01\/28\/consiglio-mandara-giura-col-botto-mi-dichiaro-indipendente-video\/bst-2\/'><img loading=\"lazy\" decoding=\"async\" width=\"150\" height=\"150\" src=\"https:\/\/www.santacroceweb.com\/giornale1\/wp-content\/uploads\/2017\/01\/IMG_20170127_183821_BURST001_COVER1-e1491375161920.jpg\" class=\"attachment-thumbnail size-thumbnail jl-lazyload lazyload\" alt=\"\" aria-describedby=\"gallery-1-46452\" data-src=\"https:\/\/www.santacroceweb.com\/giornale1\/wp-content\/uploads\/2017\/01\/IMG_20170127_183821_BURST001_COVER1-e1491375161920-150x150.jpg\" \/><\/a>\n\t\t\t<\/div>\n\t\t\t\t<figcaption class='wp-caption-text gallery-caption' id='gallery-1-46452'>\n\t\t\t\tSalvuccio Mandar\u00e0\n\t\t\t\t<\/figcaption><\/figure><figure class='gallery-item'>\n\t\t\t<div class='gallery-icon landscape'>\n\t\t\t\t<a href='https:\/\/www.santacroceweb.com\/index.php\/2017\/01\/28\/consiglio-mandara-giura-col-botto-mi-dichiaro-indipendente-video\/dav-5\/'><img loading=\"lazy\" decoding=\"async\" width=\"150\" height=\"150\" src=\"https:\/\/www.santacroceweb.com\/giornale1\/wp-content\/uploads\/2017\/01\/IMG_20170127_185208.jpg\" class=\"attachment-thumbnail size-thumbnail jl-lazyload lazyload\" alt=\"\" aria-describedby=\"gallery-1-46453\" data-src=\"https:\/\/www.santacroceweb.com\/giornale1\/wp-content\/uploads\/2017\/01\/IMG_20170127_185208-150x150.jpg\" \/><\/a>\n\t\t\t<\/div>\n\t\t\t\t<figcaption class='wp-caption-text gallery-caption' id='gallery-1-46453'>\n\t\t\t\tIl Consiglio comunale\n\t\t\t\t<\/figcaption><\/figure>\n\t\t<\/div>\n\n","protected":false},"excerpt":{"rendered":"<p>Quella che doveva essere una seduta del Consiglio comunale tranquilla (e quasi &#8220;festaiola&#8221;) &#8211;\u00a0c\u2019era l&#8217;insediamento del\u00a0nuovo segretario comunale e la surroga di Maria Zisa con Salvatore\u00a0Mandar\u00e0 &#8211; \u00e8 risultata essere invece una delle sedute pi\u00f9 traumatiche\u00a0per l\u2019amministrazione comunale capitanata da Franca Iurato. Ebbene, dopo la presentazione del nuovo segretario, il dott. Francesco Piro di Siculiana [&hellip;]<\/p>\n","protected":false},"author":34,"featured_media":46449,"comment_status":"open","ping_status":"open","sticky":false,"template":"","format":"gallery","meta":{"footnotes":""},"categories":[4,11],"tags":[],"class_list":["post-46448","post","type-post","status-publish","format-gallery","has-post-thumbnail","hentry","category-politica","category-primopiano","post_format-post-format-gallery"],"_links":{"self":[{"href":"https:\/\/www.santacroceweb.com\/index.php\/wp-json\/wp\/v2\/posts\/46448","targetHints":{"allow":["GET"]}}],"collection":[{"href":"https:\/\/www.santacroceweb.com\/index.php\/wp-json\/wp\/v2\/posts"}],"about":[{"href":"https:\/\/www.santacroceweb.com\/index.php\/wp-json\/wp\/v2\/types\/post"}],"author":[{"embeddable":true,"href":"https:\/\/www.santacroceweb.com\/index.php\/wp-json\/wp\/v2\/users\/34"}],"replies":[{"embeddable":true,"href":"https:\/\/www.santacroceweb.com\/index.php\/wp-json\/wp\/v2\/comments?post=46448"}],"version-history":[{"count":0,"href":"https:\/\/www.santacroceweb.com\/index.php\/wp-json\/wp\/v2\/posts\/46448\/revisions"}],"wp:featuredmedia":[{"embeddable":true,"href":"https:\/\/www.santacroceweb.com\/index.php\/wp-json\/wp\/v2\/media\/46449"}],"wp:attachment":[{"href":"https:\/\/www.santacroceweb.com\/index.php\/wp-json\/wp\/v2\/media?parent=46448"}],"wp:term":[{"taxonomy":"category","embeddable":true,"href":"https:\/\/www.santacroceweb.com\/index.php\/wp-json\/wp\/v2\/categories?post=46448"},{"taxonomy":"post_tag","embeddable":true,"href":"https:\/\/www.santacroceweb.com\/index.php\/wp-json\/wp\/v2\/tags?post=46448"}],"curies":[{"name":"wp","href":"https:\/\/api.w.org\/{rel}","templated":true}]}}