{"id":46741,"date":"2017-02-08T09:50:33","date_gmt":"2017-02-08T08:50:33","guid":{"rendered":"http:\/\/www.santacroceweb.com\/giornale1\/?p=46741"},"modified":"2017-02-08T10:27:36","modified_gmt":"2017-02-08T09:27:36","slug":"il-primo-manifesto-e-di-mario-coco-lui-smorza-io-candidato-e-presto","status":"publish","type":"post","link":"https:\/\/www.santacroceweb.com\/index.php\/2017\/02\/08\/il-primo-manifesto-e-di-mario-coco-lui-smorza-io-candidato-e-presto\/","title":{"rendered":"Il primo manifesto \u00e8 di Mario Coco. Lui smorza: &#8220;Io candidato? E&#8217; presto&#8230;&#8221;"},"content":{"rendered":"<p style=\"text-align: justify;\">Il panorama politico di Santa Croce, a circa tre mesi dalle Amministrative, \u00e8 ampio e frastagliato. Di dichiarazioni ufficiali poche. Solo qualche sussulto, ad esempio i manifesti recanti il pensiero di Giovanni Paolo II e del Mahatma Gandhi e le frenetiche riunioni nelle segrete stanze (che di segreto hanno sempre meno). Allo skyline \u201ccartellonistico\u201d della citt\u00e0, da ieri, si \u00e8 aggiunto per\u00f2 un volto noto: quello dell\u2019imprenditore Mario Coco. Lo slogan recita: \u201cSanta Croce 2017-2022. Insieme possiamo&#8230;\u201d. Ha tutto il sapore di un messaggio elettorale, dietro il quale potrebbe celarsi una candidatura a sindaco. Ma il diretto interessato, che si \u00e8 concesso per un&#8217;intervista a Santa Croce Web, per ora nega l\u2019ufficialit\u00e0 di un suo impegno in prima persona: \u201cStiamo lavorando \u2013 ci ha spiegato Coco \u2013, ma siamo solo all\u2019inizio. Al messaggio comparso marted\u00ec ne seguiranno altri\u2026 Sar\u00e0 la base a decidere chi sar\u00e0 il candidato sindaco. Alleanze? Non le escludo, ma al momento ci muoviamo in modo soft\u201d.<\/p>\n<p style=\"text-align: justify;\">Coco \u00e8 il primo a metterci la faccia. Cinque anni fa si candid\u00f2 al Consiglio comunale con &#8220;Tutti per Santa Croce&#8221;, a testimonianza del suo legame con il territorio e la \u201ccosa pubblica\u201d. Quella di maggio sar\u00e0 una battaglia politica e di idee, Coco ne sponsorizza alcune: \u201cLe mie prerogative per Santa Croce sono due: risolvere l\u2019annosa questione della Mediale e creare posti di lavoro, soprattutto in un settore a me caro come il turismo. E poi bisogna guardare con pi\u00f9 attenzione alle borgate a mare. Sul tavolo ci sono un\u2019infinit\u00e0 di questioni, abbiamo molte cose in cantiere\u201d. Cosa serve al prossimo sindaco di Santa Croce? \u201cCreativit\u00e0 \u2013 risponde Coco \u2013. Le risorse sono limitate. Il prossimo sindaco dovr\u00e0 avere un atteggiamento diverso, deve darsi da fare. Io sono un libero professionista e mi rivedo nelle problematiche che affliggono piccole e medie imprese, cercheremo di agevolarle\u201d.<\/p>\n<p style=\"text-align: justify;\">Sul manifesto compare il suo volto. Insieme per la Sicilia \u00e8 il movimento che ha creato e gelosamente custodisce. Ma su una eventuale candidatura proprio non si sbottona (per ora): \u201cC\u2019\u00e8 tempo. Mancano ancora un paio di mesi per cominciare la campagna elettorale. Sar\u00e0 la base a decidere. Vogliamo fare bella figura, speriamo la gente capisca le nostre proposte. Vediamo che frutti saremo in grado di raccogliere\u201d.<\/p>\n<p style=\"text-align: center;\"><a href=\"https:\/\/www.santacroceweb.com\/giornale1\/wp-content\/uploads\/2017\/02\/Immagine-4.jpg\"><img fetchpriority=\"high\" decoding=\"async\" class=\"aligncenter size-full wp-image-46746 lazyload\" src=\"data:image\/gif;base64,R0lGODlhAQABAAAAACH5BAEKAAEALAAAAAABAAEAAAICTAEAOw==\" data-src=\"https:\/\/www.santacroceweb.com\/giornale1\/wp-content\/uploads\/2017\/02\/Immagine-4.jpg\" alt=\"\" width=\"600\" height=\"468\" data-sizes=\"auto\" data-srcset=\"https:\/\/www.santacroceweb.com\/giornale1\/wp-content\/uploads\/2017\/02\/Immagine-4.jpg 600w, https:\/\/www.santacroceweb.com\/giornale1\/wp-content\/uploads\/2017\/02\/Immagine-4-300x234.jpg 300w\" sizes=\"(max-width: 600px) 100vw, 600px\" \/><\/a><\/p>\n","protected":false},"excerpt":{"rendered":"<p>Il panorama politico di Santa Croce, a circa tre mesi dalle Amministrative, \u00e8 ampio e frastagliato. Di dichiarazioni ufficiali poche. Solo qualche sussulto, ad esempio i manifesti recanti il pensiero di Giovanni Paolo II e del Mahatma Gandhi e le frenetiche riunioni nelle segrete stanze (che di segreto hanno sempre meno). Allo skyline \u201ccartellonistico\u201d della [&hellip;]<\/p>\n","protected":false},"author":11,"featured_media":41175,"comment_status":"open","ping_status":"open","sticky":false,"template":"","format":"standard","meta":{"footnotes":""},"categories":[4,11],"tags":[],"class_list":["post-46741","post","type-post","status-publish","format-standard","has-post-thumbnail","hentry","category-politica","category-primopiano"],"_links":{"self":[{"href":"https:\/\/www.santacroceweb.com\/index.php\/wp-json\/wp\/v2\/posts\/46741","targetHints":{"allow":["GET"]}}],"collection":[{"href":"https:\/\/www.santacroceweb.com\/index.php\/wp-json\/wp\/v2\/posts"}],"about":[{"href":"https:\/\/www.santacroceweb.com\/index.php\/wp-json\/wp\/v2\/types\/post"}],"author":[{"embeddable":true,"href":"https:\/\/www.santacroceweb.com\/index.php\/wp-json\/wp\/v2\/users\/11"}],"replies":[{"embeddable":true,"href":"https:\/\/www.santacroceweb.com\/index.php\/wp-json\/wp\/v2\/comments?post=46741"}],"version-history":[{"count":0,"href":"https:\/\/www.santacroceweb.com\/index.php\/wp-json\/wp\/v2\/posts\/46741\/revisions"}],"wp:featuredmedia":[{"embeddable":true,"href":"https:\/\/www.santacroceweb.com\/index.php\/wp-json\/wp\/v2\/media\/41175"}],"wp:attachment":[{"href":"https:\/\/www.santacroceweb.com\/index.php\/wp-json\/wp\/v2\/media?parent=46741"}],"wp:term":[{"taxonomy":"category","embeddable":true,"href":"https:\/\/www.santacroceweb.com\/index.php\/wp-json\/wp\/v2\/categories?post=46741"},{"taxonomy":"post_tag","embeddable":true,"href":"https:\/\/www.santacroceweb.com\/index.php\/wp-json\/wp\/v2\/tags?post=46741"}],"curies":[{"name":"wp","href":"https:\/\/api.w.org\/{rel}","templated":true}]}}