{"id":47368,"date":"2017-03-07T09:54:49","date_gmt":"2017-03-07T08:54:49","guid":{"rendered":"http:\/\/www.santacroceweb.com\/giornale1\/?p=47368"},"modified":"2017-03-07T09:59:32","modified_gmt":"2017-03-07T08:59:32","slug":"lunitre-alla-riscoperta-di-santa-croce-grande-iniziativa-dal-12-al-19-marzo","status":"publish","type":"post","link":"https:\/\/www.santacroceweb.com\/index.php\/2017\/03\/07\/lunitre-alla-riscoperta-di-santa-croce-grande-iniziativa-dal-12-al-19-marzo\/","title":{"rendered":"L&#8217;Unitre alla riscoperta di Santa Croce: grande iniziativa dal 12 al 19 marzo"},"content":{"rendered":"<p style=\"text-align: justify;\">Dal 12 al 19 marzo Palazzo Vitale-Ciarci\u00e0 apre a un\u2019iniziativa dell\u2019Unitre: si chiama \u201cRiscopriamo Santa Croce\u201d. Si tratta di un viaggio attraverso la storia, le tradizioni, i personaggi e la cultura del nostro piccolo paese. Un insieme di attivit\u00e0 e manifestazioni che partiranno domenica 12 marzo, alle 16.30, con l\u2019esibizione dei Tamburi Kamarinense per le vie della citt\u00e0 e che si concluderanno la domenica successiva, in occasione delle celebrazioni per San Giuseppe, in cui si potr\u00e0 visitare la Cena allestita per l\u2019occasione proprio dall\u2019Universit\u00e0 della terza et\u00e0. In mezzo tanti appuntamenti: dagli incontri sul bullismo a una giornata interamente dedicata agli eventi bellici e ai militari caduti in guerra. Ci sar\u00e0 spazio anche per la poesia e per la moda, la pittura e la fotografia.<\/p>\n<p style=\"text-align: justify;\">\u201cLa manifestazione \u2013 afferma Maria Rosa Vitale, Presidente dell\u2019Unitre di Santa Croce Camerina \u2013 che tra l\u2019altro registrer\u00e0 la presenza di alcune delegazioni dell\u2019Unitre provenienti da tutta la Sicilia, forse per la prima volta nella storia santacrocese, \u00e8 stata organizzata con il contributo fattivo di tutti i cittadini, dai pi\u00f9 giovani ai meno giovani. Associazioni e gruppi presenti in citt\u00e0 hanno supportato questa iniziativa che nasce da Unitre ma che \u00e8 in realt\u00e0 il frutto di tutti coloro che si sono spesi e si stanno spendendo per la buona riuscita, a vario titolo. Un ringraziamento particolare permettetemi di rivolgerlo anche a tutti gli sponsor che hanno creduto sin da subito alla bont\u00e0 di questa manifestazione\u201d. \u201cVorrei inoltre aggiungere \u2013 continua la Vitale \u2013 che abbiamo dato spazio, in questa occasione, ai nostri concittadini santacrocesi, talenti nascosti che crediamo sia giusto valorizzare. Come ad esempio Federica Arestia, che sebbene viva al nord, trova le sue origini nel nostro paese in quanto figlia di un nostro concittadino\u201d. \u201cL\u2019ampia partecipazione \u2013 conclude il presidente Unitre \u2013 dimostra, inoltre, come attraverso l\u2019aggregazione sia possibile costruire qualcosa di bello e positivo per tutta la nostra comunit\u00e0. Auspico sempre in un maggiore coinvolgimento, soprattutto dei giovani, per far crescere sempre pi\u00f9 questo nostro piccolo comune, sia sotto il profilo culturale che sociale\u201d.<\/p>\n<p style=\"text-align: justify;\"><span style=\"color: #ff0000;\"><strong>IL PROGRAMMA COMPLETO<\/strong><\/span><\/p>\n<p style=\"text-align: justify;\"><img fetchpriority=\"high\" decoding=\"async\" class=\"alignnone size-full wp-image-47370 lazyload\" src=\"data:image\/gif;base64,R0lGODlhAQABAAAAACH5BAEKAAEALAAAAAABAAEAAAICTAEAOw==\" data-src=\"https:\/\/www.santacroceweb.com\/giornale1\/wp-content\/uploads\/2017\/03\/unitre.jpg\" alt=\"\" width=\"686\" height=\"960\" data-sizes=\"auto\" data-srcset=\"https:\/\/www.santacroceweb.com\/giornale1\/wp-content\/uploads\/2017\/03\/unitre.jpg 686w, https:\/\/www.santacroceweb.com\/giornale1\/wp-content\/uploads\/2017\/03\/unitre-214x300.jpg 214w\" sizes=\"(max-width: 686px) 100vw, 686px\" \/><\/p>\n","protected":false},"excerpt":{"rendered":"<p>Dal 12 al 19 marzo Palazzo Vitale-Ciarci\u00e0 apre a un\u2019iniziativa dell\u2019Unitre: si chiama \u201cRiscopriamo Santa Croce\u201d. Si tratta di un viaggio attraverso la storia, le tradizioni, i personaggi e la cultura del nostro piccolo paese. Un insieme di attivit\u00e0 e manifestazioni che partiranno domenica 12 marzo, alle 16.30, con l\u2019esibizione dei Tamburi Kamarinense per le [&hellip;]<\/p>\n","protected":false},"author":34,"featured_media":47369,"comment_status":"open","ping_status":"open","sticky":false,"template":"","format":"standard","meta":{"footnotes":""},"categories":[8],"tags":[],"class_list":["post-47368","post","type-post","status-publish","format-standard","has-post-thumbnail","hentry","category-attualita"],"_links":{"self":[{"href":"https:\/\/www.santacroceweb.com\/index.php\/wp-json\/wp\/v2\/posts\/47368","targetHints":{"allow":["GET"]}}],"collection":[{"href":"https:\/\/www.santacroceweb.com\/index.php\/wp-json\/wp\/v2\/posts"}],"about":[{"href":"https:\/\/www.santacroceweb.com\/index.php\/wp-json\/wp\/v2\/types\/post"}],"author":[{"embeddable":true,"href":"https:\/\/www.santacroceweb.com\/index.php\/wp-json\/wp\/v2\/users\/34"}],"replies":[{"embeddable":true,"href":"https:\/\/www.santacroceweb.com\/index.php\/wp-json\/wp\/v2\/comments?post=47368"}],"version-history":[{"count":0,"href":"https:\/\/www.santacroceweb.com\/index.php\/wp-json\/wp\/v2\/posts\/47368\/revisions"}],"wp:featuredmedia":[{"embeddable":true,"href":"https:\/\/www.santacroceweb.com\/index.php\/wp-json\/wp\/v2\/media\/47369"}],"wp:attachment":[{"href":"https:\/\/www.santacroceweb.com\/index.php\/wp-json\/wp\/v2\/media?parent=47368"}],"wp:term":[{"taxonomy":"category","embeddable":true,"href":"https:\/\/www.santacroceweb.com\/index.php\/wp-json\/wp\/v2\/categories?post=47368"},{"taxonomy":"post_tag","embeddable":true,"href":"https:\/\/www.santacroceweb.com\/index.php\/wp-json\/wp\/v2\/tags?post=47368"}],"curies":[{"name":"wp","href":"https:\/\/api.w.org\/{rel}","templated":true}]}}