{"id":47615,"date":"2017-03-17T09:11:06","date_gmt":"2017-03-17T08:11:06","guid":{"rendered":"http:\/\/www.santacroceweb.com\/giornale1\/?p=47615"},"modified":"2017-03-17T09:53:06","modified_gmt":"2017-03-17T08:53:06","slug":"generi-alimentari-per-le-famiglie-bisognose-i-ragazzi-del-catechismo-e-lo-spirito-di-s-giuseppe","status":"publish","type":"post","link":"https:\/\/www.santacroceweb.com\/index.php\/2017\/03\/17\/generi-alimentari-per-le-famiglie-bisognose-i-ragazzi-del-catechismo-e-lo-spirito-di-s-giuseppe\/","title":{"rendered":"I ragazzi e lo spirito di San Giuseppe: colletta alimentare per i bisognosi"},"content":{"rendered":"<p style=\"text-align: justify;\">La cittadinanza di Santa Croce si appresta a festeggiare il patrono San Giuseppe e anche i ragazzi del catechismo sono stati coinvolti in varie attivit\u00e0, come ogni anno, nella preparazione della festa. Dopo aver allestito una piccola cena nella sede Giovanni Paolo II dove si svolge il catechismo, i ragazzi sono stati invitati a portare generi alimentari da distribuire alle famiglie bisognose. Generosa \u00e8 stata la risposta dei loro genitori che hanno condiviso lo spirito di solidariet\u00e0 alla base dell\u2019iniziativa che ha coinvolto 18 catechiste e 280 ragazzi, dalla III elementare alla II media. In questo periodo di crisi molte famiglie vivono in difficolt\u00e0 per cui si \u00e8 ritenuto giusto e doveroso in questi giorni di festa, educare i ragazzi alla carit\u00e0 e alla solidariet\u00e0 verso le persone che soffrono, affinch\u00e8 anche loro possano stare meglio proprio in questo periodo. Pertanto il messaggio di amore verso Dio e il prossimo \u00e8 stato accolto con sensibilit\u00e0 da tante persone che hanno donato col cuore in onore di San Giuseppe. Ad esse va la gratitudine di quanti riceveranno in questi giorni i viveri offerti. Mercoled\u00ec pomeriggio tutti i ragazzi e le catechiste in processione, accompagnati dall\u2019inno di San Giuseppe suonato dagli stessi ragazzi, si sono recati in chiesa, dove hanno portato i doni per i bisognosi e un omaggio floreale per San Giuseppe. Infine davanti al simulacro hanno ascoltato con interesse una riflessione sulla figura del Patriarca.<\/p>\n","protected":false},"excerpt":{"rendered":"<p>La cittadinanza di Santa Croce si appresta a festeggiare il patrono San Giuseppe e anche i ragazzi del catechismo sono stati coinvolti in varie attivit\u00e0, come ogni anno, nella preparazione della festa. Dopo aver allestito una piccola cena nella sede Giovanni Paolo II dove si svolge il catechismo, i ragazzi sono stati invitati a portare [&hellip;]<\/p>\n","protected":false},"author":34,"featured_media":47617,"comment_status":"open","ping_status":"open","sticky":false,"template":"","format":"standard","meta":{"footnotes":""},"categories":[6,11],"tags":[],"class_list":["post-47615","post","type-post","status-publish","format-standard","has-post-thumbnail","hentry","category-culturaespettacolo","category-primopiano"],"_links":{"self":[{"href":"https:\/\/www.santacroceweb.com\/index.php\/wp-json\/wp\/v2\/posts\/47615","targetHints":{"allow":["GET"]}}],"collection":[{"href":"https:\/\/www.santacroceweb.com\/index.php\/wp-json\/wp\/v2\/posts"}],"about":[{"href":"https:\/\/www.santacroceweb.com\/index.php\/wp-json\/wp\/v2\/types\/post"}],"author":[{"embeddable":true,"href":"https:\/\/www.santacroceweb.com\/index.php\/wp-json\/wp\/v2\/users\/34"}],"replies":[{"embeddable":true,"href":"https:\/\/www.santacroceweb.com\/index.php\/wp-json\/wp\/v2\/comments?post=47615"}],"version-history":[{"count":0,"href":"https:\/\/www.santacroceweb.com\/index.php\/wp-json\/wp\/v2\/posts\/47615\/revisions"}],"wp:featuredmedia":[{"embeddable":true,"href":"https:\/\/www.santacroceweb.com\/index.php\/wp-json\/wp\/v2\/media\/47617"}],"wp:attachment":[{"href":"https:\/\/www.santacroceweb.com\/index.php\/wp-json\/wp\/v2\/media?parent=47615"}],"wp:term":[{"taxonomy":"category","embeddable":true,"href":"https:\/\/www.santacroceweb.com\/index.php\/wp-json\/wp\/v2\/categories?post=47615"},{"taxonomy":"post_tag","embeddable":true,"href":"https:\/\/www.santacroceweb.com\/index.php\/wp-json\/wp\/v2\/tags?post=47615"}],"curies":[{"name":"wp","href":"https:\/\/api.w.org\/{rel}","templated":true}]}}