{"id":47667,"date":"2017-03-17T18:25:59","date_gmt":"2017-03-17T17:25:59","guid":{"rendered":"http:\/\/www.santacroceweb.com\/giornale1\/?p=47667"},"modified":"2017-03-17T18:27:02","modified_gmt":"2017-03-17T17:27:02","slug":"palazzo-ciarcia-un-omaggio-per-i-due-reduci-della-seconda-guerra-mondiale","status":"publish","type":"post","link":"https:\/\/www.santacroceweb.com\/index.php\/2017\/03\/17\/palazzo-ciarcia-un-omaggio-per-i-due-reduci-della-seconda-guerra-mondiale\/","title":{"rendered":"Palazzo Ciarci\u00e0, un omaggio per i due reduci della Seconda Guerra Mondiale"},"content":{"rendered":"<p style=\"text-align: justify;\">Nell\u2019ambito degli eventi organizzati dall\u2019Unitre di S.Croce, nella splendida location di palazzo Vitale-Ciarci\u00e0, gioved\u00ec pomeriggio, a cura della locale sezione dei \u201cCombattenti e Reduci\u201d della quale \u00e8 presidente il dott. Gaetano Farina, si \u00e8 voluto onorare la memoria dei tanti combattenti che hanno dato la loro giovane e preziosa vita nel conflitto pi\u00f9 sanguinoso che la storia ricordi, la Seconda Guerra Mondiale. L\u2019occasione \u00e8 servita pure per festeggiare e omaggiare con una pergamena gli ultimi due reduci di quel conflitto, il maestro Sarino Barone e il sig. Giuseppe Dimartino, ormai ultra novantenni, che hanno vissuto sulla loro pelle gli anni di quella spaventosa guerra. In particolare il sig. Dimartino, combattente nella Campagna d\u2019Africa, \u00e8 stato fatto prigioniero dagli inglesi dopo la disfatta di El Alamein: in quella circostanza i soldati Italiani hanno ricevuto l\u2019onore delle armi da parte degli avversari per il loro comportamento eroico. Insomma, una rivisitazione storico-commemorativa quella messa in campo dall\u2019associazione.<\/p>\n<p style=\"text-align: justify;\">Non sono mancati i momenti ludici, con l\u2019esibizione del coro dell\u2019Unitre di S.Croce, diretto da Giorgio Baeli, le punteggiature all\u2019evento da parte della giovanissima Angela Incremona che, con voce soave e piena di colore, ha intonato una canzone struggente dell\u2019epoca bellica, accompagnata dal suono della chitarra di Giovanni Tidona. Cos\u00ec come il giovanissimo Paolo Nativo, che ha dedicato\u00a0un brano rievocativo accompagnandosi con la chitarra elettrica. Tantissimi i partecipanti, con tanto di fazzoletto tricolore al collo, che hanno seguito in religioso silenzio lo svolgersi dei vari momenti. Molto toccante la lettura delle vicende belliche e il ricordo dei caduti santacrocesi, da parte del dott. Morelli, membro della sezione provinciale dei \u201cCombattenti e Reduci\u201d che, in un passaggio del suo discorso, ha voluto ricordare (semmai ce ne fosse stato bisogno) che se l\u2019Europa ha vissuto 70 anni di pace lo si deve al sacrificio di quei giovani e dei leader europei del tempo, che seppero,dalle ceneri di quell\u2019immane disastro costruire l\u2019Europa unita. Un grazie particolare il dott. Farina lo ha rivolto a tutti i partecipanti e al rampollo della nobile famiglia Ciarci\u00e0, Lorenzo, per aver aperto le porte del palazzo nobiliare per questi eventi. All\u2019interno di quelle mura \u00e8 passata parte della storia della citt\u00e0.<\/p>\n<div id='gallery-1' class='gallery galleryid-47667 gallery-columns-3 gallery-size-thumbnail'><figure class='gallery-item'>\n\t\t\t<div class='gallery-icon landscape'>\n\t\t\t\t<a href='https:\/\/www.santacroceweb.com\/index.php\/2017\/03\/17\/generi-alimentari-per-le-famiglie-bisognose-i-ragazzi-del-catechismo-e-lo-spirito-di-s-giuseppe\/10-30\/'><img decoding=\"async\" width=\"150\" height=\"150\" src=\"https:\/\/www.santacroceweb.com\/giornale1\/wp-content\/uploads\/2017\/03\/10.jpg\" class=\"attachment-thumbnail size-thumbnail jl-lazyload lazyload\" alt=\"\" data-src=\"https:\/\/www.santacroceweb.com\/giornale1\/wp-content\/uploads\/2017\/03\/10-150x150.jpg\" \/><\/a>\n\t\t\t<\/div><\/figure><figure class='gallery-item'>\n\t\t\t<div class='gallery-icon landscape'>\n\t\t\t\t<a href='https:\/\/www.santacroceweb.com\/index.php\/2017\/03\/17\/generi-alimentari-per-le-famiglie-bisognose-i-ragazzi-del-catechismo-e-lo-spirito-di-s-giuseppe\/9-15\/'><img decoding=\"async\" width=\"150\" height=\"150\" src=\"https:\/\/www.santacroceweb.com\/giornale1\/wp-content\/uploads\/2017\/03\/9.jpg\" class=\"attachment-thumbnail size-thumbnail jl-lazyload lazyload\" alt=\"\" data-src=\"https:\/\/www.santacroceweb.com\/giornale1\/wp-content\/uploads\/2017\/03\/9-150x150.jpg\" \/><\/a>\n\t\t\t<\/div><\/figure><figure class='gallery-item'>\n\t\t\t<div class='gallery-icon landscape'>\n\t\t\t\t<a href='https:\/\/www.santacroceweb.com\/index.php\/2017\/03\/17\/generi-alimentari-per-le-famiglie-bisognose-i-ragazzi-del-catechismo-e-lo-spirito-di-s-giuseppe\/8-22\/'><img decoding=\"async\" width=\"150\" height=\"150\" src=\"https:\/\/www.santacroceweb.com\/giornale1\/wp-content\/uploads\/2017\/03\/8.jpg\" class=\"attachment-thumbnail size-thumbnail jl-lazyload lazyload\" alt=\"\" data-src=\"https:\/\/www.santacroceweb.com\/giornale1\/wp-content\/uploads\/2017\/03\/8-150x150.jpg\" \/><\/a>\n\t\t\t<\/div><\/figure><figure class='gallery-item'>\n\t\t\t<div class='gallery-icon landscape'>\n\t\t\t\t<a href='https:\/\/www.santacroceweb.com\/index.php\/2017\/03\/17\/generi-alimentari-per-le-famiglie-bisognose-i-ragazzi-del-catechismo-e-lo-spirito-di-s-giuseppe\/7-34\/'><img loading=\"lazy\" decoding=\"async\" width=\"150\" height=\"150\" src=\"https:\/\/www.santacroceweb.com\/giornale1\/wp-content\/uploads\/2017\/03\/7-1.jpg\" class=\"attachment-thumbnail size-thumbnail jl-lazyload lazyload\" alt=\"\" data-src=\"https:\/\/www.santacroceweb.com\/giornale1\/wp-content\/uploads\/2017\/03\/7-1-150x150.jpg\" \/><\/a>\n\t\t\t<\/div><\/figure><figure class='gallery-item'>\n\t\t\t<div class='gallery-icon landscape'>\n\t\t\t\t<a href='https:\/\/www.santacroceweb.com\/index.php\/2017\/03\/17\/generi-alimentari-per-le-famiglie-bisognose-i-ragazzi-del-catechismo-e-lo-spirito-di-s-giuseppe\/6-43\/'><img loading=\"lazy\" decoding=\"async\" width=\"150\" height=\"150\" src=\"https:\/\/www.santacroceweb.com\/giornale1\/wp-content\/uploads\/2017\/03\/6-1.jpg\" class=\"attachment-thumbnail size-thumbnail jl-lazyload lazyload\" alt=\"\" data-src=\"https:\/\/www.santacroceweb.com\/giornale1\/wp-content\/uploads\/2017\/03\/6-1-150x150.jpg\" \/><\/a>\n\t\t\t<\/div><\/figure><figure class='gallery-item'>\n\t\t\t<div class='gallery-icon landscape'>\n\t\t\t\t<a href='https:\/\/www.santacroceweb.com\/index.php\/2017\/03\/17\/generi-alimentari-per-le-famiglie-bisognose-i-ragazzi-del-catechismo-e-lo-spirito-di-s-giuseppe\/5-53\/'><img loading=\"lazy\" decoding=\"async\" width=\"150\" height=\"150\" src=\"https:\/\/www.santacroceweb.com\/giornale1\/wp-content\/uploads\/2017\/03\/5-1.jpg\" class=\"attachment-thumbnail size-thumbnail jl-lazyload lazyload\" alt=\"\" data-src=\"https:\/\/www.santacroceweb.com\/giornale1\/wp-content\/uploads\/2017\/03\/5-1-150x150.jpg\" \/><\/a>\n\t\t\t<\/div><\/figure><figure class='gallery-item'>\n\t\t\t<div class='gallery-icon landscape'>\n\t\t\t\t<a href='https:\/\/www.santacroceweb.com\/index.php\/2017\/03\/17\/generi-alimentari-per-le-famiglie-bisognose-i-ragazzi-del-catechismo-e-lo-spirito-di-s-giuseppe\/4-70\/'><img loading=\"lazy\" decoding=\"async\" width=\"150\" height=\"150\" src=\"https:\/\/www.santacroceweb.com\/giornale1\/wp-content\/uploads\/2017\/03\/4-2.jpg\" class=\"attachment-thumbnail size-thumbnail jl-lazyload lazyload\" alt=\"\" data-src=\"https:\/\/www.santacroceweb.com\/giornale1\/wp-content\/uploads\/2017\/03\/4-2-150x150.jpg\" \/><\/a>\n\t\t\t<\/div><\/figure><figure class='gallery-item'>\n\t\t\t<div class='gallery-icon landscape'>\n\t\t\t\t<a href='https:\/\/www.santacroceweb.com\/index.php\/2017\/03\/17\/generi-alimentari-per-le-famiglie-bisognose-i-ragazzi-del-catechismo-e-lo-spirito-di-s-giuseppe\/3-90\/'><img loading=\"lazy\" decoding=\"async\" width=\"150\" height=\"150\" src=\"https:\/\/www.santacroceweb.com\/giornale1\/wp-content\/uploads\/2017\/03\/3-2.jpg\" class=\"attachment-thumbnail size-thumbnail jl-lazyload lazyload\" alt=\"\" data-src=\"https:\/\/www.santacroceweb.com\/giornale1\/wp-content\/uploads\/2017\/03\/3-2-150x150.jpg\" \/><\/a>\n\t\t\t<\/div><\/figure><figure class='gallery-item'>\n\t\t\t<div class='gallery-icon landscape'>\n\t\t\t\t<a href='https:\/\/www.santacroceweb.com\/index.php\/2017\/03\/17\/generi-alimentari-per-le-famiglie-bisognose-i-ragazzi-del-catechismo-e-lo-spirito-di-s-giuseppe\/2-136\/'><img loading=\"lazy\" decoding=\"async\" width=\"150\" height=\"150\" src=\"https:\/\/www.santacroceweb.com\/giornale1\/wp-content\/uploads\/2017\/03\/2-2.jpg\" class=\"attachment-thumbnail size-thumbnail jl-lazyload lazyload\" alt=\"\" data-src=\"https:\/\/www.santacroceweb.com\/giornale1\/wp-content\/uploads\/2017\/03\/2-2-150x150.jpg\" \/><\/a>\n\t\t\t<\/div><\/figure><figure class='gallery-item'>\n\t\t\t<div class='gallery-icon landscape'>\n\t\t\t\t<a href='https:\/\/www.santacroceweb.com\/index.php\/2017\/03\/17\/generi-alimentari-per-le-famiglie-bisognose-i-ragazzi-del-catechismo-e-lo-spirito-di-s-giuseppe\/1-167\/'><img loading=\"lazy\" decoding=\"async\" width=\"150\" height=\"150\" src=\"https:\/\/www.santacroceweb.com\/giornale1\/wp-content\/uploads\/2017\/03\/1-2.jpg\" class=\"attachment-thumbnail size-thumbnail jl-lazyload lazyload\" alt=\"\" data-src=\"https:\/\/www.santacroceweb.com\/giornale1\/wp-content\/uploads\/2017\/03\/1-2-150x150.jpg\" \/><\/a>\n\t\t\t<\/div><\/figure>\n\t\t<\/div>\n\n","protected":false},"excerpt":{"rendered":"<p>Nell\u2019ambito degli eventi organizzati dall\u2019Unitre di S.Croce, nella splendida location di palazzo Vitale-Ciarci\u00e0, gioved\u00ec pomeriggio, a cura della locale sezione dei \u201cCombattenti e Reduci\u201d della quale \u00e8 presidente il dott. Gaetano Farina, si \u00e8 voluto onorare la memoria dei tanti combattenti che hanno dato la loro giovane e preziosa vita nel conflitto pi\u00f9 sanguinoso che [&hellip;]<\/p>\n","protected":false},"author":34,"featured_media":47630,"comment_status":"open","ping_status":"open","sticky":false,"template":"","format":"gallery","meta":{"footnotes":""},"categories":[6],"tags":[],"class_list":["post-47667","post","type-post","status-publish","format-gallery","has-post-thumbnail","hentry","category-culturaespettacolo","post_format-post-format-gallery"],"_links":{"self":[{"href":"https:\/\/www.santacroceweb.com\/index.php\/wp-json\/wp\/v2\/posts\/47667","targetHints":{"allow":["GET"]}}],"collection":[{"href":"https:\/\/www.santacroceweb.com\/index.php\/wp-json\/wp\/v2\/posts"}],"about":[{"href":"https:\/\/www.santacroceweb.com\/index.php\/wp-json\/wp\/v2\/types\/post"}],"author":[{"embeddable":true,"href":"https:\/\/www.santacroceweb.com\/index.php\/wp-json\/wp\/v2\/users\/34"}],"replies":[{"embeddable":true,"href":"https:\/\/www.santacroceweb.com\/index.php\/wp-json\/wp\/v2\/comments?post=47667"}],"version-history":[{"count":0,"href":"https:\/\/www.santacroceweb.com\/index.php\/wp-json\/wp\/v2\/posts\/47667\/revisions"}],"wp:featuredmedia":[{"embeddable":true,"href":"https:\/\/www.santacroceweb.com\/index.php\/wp-json\/wp\/v2\/media\/47630"}],"wp:attachment":[{"href":"https:\/\/www.santacroceweb.com\/index.php\/wp-json\/wp\/v2\/media?parent=47667"}],"wp:term":[{"taxonomy":"category","embeddable":true,"href":"https:\/\/www.santacroceweb.com\/index.php\/wp-json\/wp\/v2\/categories?post=47667"},{"taxonomy":"post_tag","embeddable":true,"href":"https:\/\/www.santacroceweb.com\/index.php\/wp-json\/wp\/v2\/tags?post=47667"}],"curies":[{"name":"wp","href":"https:\/\/api.w.org\/{rel}","templated":true}]}}