{"id":48010,"date":"2017-03-31T13:57:10","date_gmt":"2017-03-31T11:57:10","guid":{"rendered":"http:\/\/www.santacroceweb.com\/giornale1\/?p=48010"},"modified":"2017-03-31T13:57:48","modified_gmt":"2017-03-31T11:57:48","slug":"il-piano-scuola-di-barone-edilizia-mensa-e-assistenza-ai-disabili-le-priorita","status":"publish","type":"post","link":"https:\/\/www.santacroceweb.com\/index.php\/2017\/03\/31\/il-piano-scuola-di-barone-edilizia-mensa-e-assistenza-ai-disabili-le-priorita\/","title":{"rendered":"Il &#8220;piano scuola&#8221; di Barone: &#8220;Edilizia, mensa e assistenza ai disabili le priorit\u00e0&#8221;"},"content":{"rendered":"<p style=\"text-align: justify;\">Il mondo della scuola sar\u00e0 al centro del programma elettorale di Giovanni Barone, candidato a sindaco per la citt\u00e0 di Santa Croce Camerina. \u201cUno dei nostri obiettivi, nei prossimi cinque anni, \u00e8 trasformare radicalmente l\u2019istituzione scolastica, sia a livello strutturale che di contenuti\u201d spiega il leader della lista civica #SantaCroceRivive. \u201cIntervenire sulle scuole di Santa Croce \u2013 continua Barone \u2013 vuol dire partire dall\u2019edilizia. E\u2019 impossibile, nel 2017, veder piovere dentro il plesso Dieci Aule. Occorre una valutazione attenta di tutti gli edifici scolastici. E una progettazione oculata, che ci permetta di intercettare i fondi, sia statali che europei, per compiere lavori di manutenzione e, laddove necessario, ristrutturazione. Le difficolt\u00e0 di bilancio esistono, ma le amministrazioni locali non possono ignorare il problema. Per questo anche il nostro Comune, nei limiti del possibile, si impegner\u00e0 a destinare delle risorse all\u2019edilizia scolastica. Senza dimenticare di far fronte anche alle carenze dell\u2019arredamento scolastico\u201d.<\/p>\n<p style=\"text-align: justify;\">Le scuole di Santa Croce devono rappresentare un\u2019occasione di crescita, formazione e, da qualche anno a questa parte, integrazione sociale: \u201cDato il notevole afflusso nelle nostre classi di ragazzi stranieri, occorre dotarsi di una equipe socio psico-pedagogica con mediatori culturali e linguistici che possano aiutare questi studenti nelle fasi dell\u2019inserimento e dell\u2019apprendimento \u2013 sottolinea Giovanni Barone \u2013. Noi, come Amministrazione, faremo da tramite perch\u00e9 i dirigenti scolastici, gi\u00e0 molto virtuosi, supportino nel modo pi\u00f9 ampio possibile il diritto allo studio\u201d. La funzione formativa non si esaurisce durante l\u2019orario delle lezioni: \u201cVogliamo riportare lo sport all\u2019interno delle scuole. Le (poche) ore di educazione fisica sono soltanto un\u2019appendice dei programmi scolastici. Non bastano. Con la collaborazione delle societ\u00e0 sportive, invece, permetteremo a tutti i ragazzi di fare sport e contrasteremo le devianze giovanili. Allo stesso tempo \u2013 col supporto degli enti di volontariato \u2013 incentiveremo la creazione di laboratori pomeridiani extracurriculari, in cui gli studenti siano impegnati in attivit\u00e0 sociali e di svago\u201d. Le scuole, inoltre, devono essere fruibili per tutti e per questo \u201cil Comune si far\u00e0 carico dell\u2019assistenza ai disabili\u201d.<\/p>\n<p style=\"text-align: justify;\">L\u2019anno scolastico 2016-17 ha portato con s\u00e9 anche la sospensione della mensa scolastica agli alunni della scuola materna e l\u2019introduzione dei voucher da 1,50 euro: \u201cIl servizio della mensa va ripristinato, dato in gestione a una ditta del settore, preferibilmente locale, e reso accessibile a tutte le famiglie. Non accettiamo pi\u00f9 delle soluzioni tampone. I bambini devono mangiare insieme e mangiare bene, tenendo conto di diete particolari o alimenti specifici. Faremo uno studio di fattibilit\u00e0 per verificare se ci sono le condizioni per la creazione di una mensa comunale\u201d.<\/p>\n<div id='gallery-1' class='gallery galleryid-48010 gallery-columns-3 gallery-size-thumbnail'><figure class='gallery-item'>\n\t\t\t<div class='gallery-icon landscape'>\n\t\t\t\t<a href='https:\/\/www.santacroceweb.com\/index.php\/2017\/03\/31\/il-piano-scuola-di-barone-edilizia-mensa-e-assistenza-ai-disabili-le-priorita\/10-aule\/'><img decoding=\"async\" width=\"150\" height=\"150\" src=\"https:\/\/www.santacroceweb.com\/giornale1\/wp-content\/uploads\/2017\/03\/10-aule-e1490960685911.jpg\" class=\"attachment-thumbnail size-thumbnail jl-lazyload lazyload\" alt=\"\" aria-describedby=\"gallery-1-48011\" data-src=\"https:\/\/www.santacroceweb.com\/giornale1\/wp-content\/uploads\/2017\/03\/10-aule-e1490960685911-150x150.jpg\" \/><\/a>\n\t\t\t<\/div>\n\t\t\t\t<figcaption class='wp-caption-text gallery-caption' id='gallery-1-48011'>\n\t\t\t\tIl plesso Dieci Aule\n\t\t\t\t<\/figcaption><\/figure><figure class='gallery-item'>\n\t\t\t<div class='gallery-icon landscape'>\n\t\t\t\t<a href='https:\/\/www.santacroceweb.com\/index.php\/2017\/01\/11\/piove-dentro-il-plesso-dieci-aule-genitori-infuriati-lutc-scuola-e-agibile\/20170111_125351\/'><img decoding=\"async\" width=\"150\" height=\"150\" src=\"https:\/\/www.santacroceweb.com\/giornale1\/wp-content\/uploads\/2017\/01\/20170111_125351.jpg\" class=\"attachment-thumbnail size-thumbnail jl-lazyload lazyload\" alt=\"\" aria-describedby=\"gallery-1-46057\" data-src=\"https:\/\/www.santacroceweb.com\/giornale1\/wp-content\/uploads\/2017\/01\/20170111_125351-150x150.jpg\" \/><\/a>\n\t\t\t<\/div>\n\t\t\t\t<figcaption class='wp-caption-text gallery-caption' id='gallery-1-46057'>\n\t\t\t\tIl plesso Dieci Aule\n\t\t\t\t<\/figcaption><\/figure><figure class='gallery-item'>\n\t\t\t<div class='gallery-icon landscape'>\n\t\t\t\t<a href='https:\/\/www.santacroceweb.com\/index.php\/2017\/01\/11\/piove-dentro-il-plesso-dieci-aule-genitori-infuriati-lutc-scuola-e-agibile\/20170111_125208\/'><img decoding=\"async\" width=\"150\" height=\"150\" src=\"https:\/\/www.santacroceweb.com\/giornale1\/wp-content\/uploads\/2017\/01\/20170111_125208-e1513859451514.jpg\" class=\"attachment-thumbnail size-thumbnail jl-lazyload lazyload\" alt=\"\" aria-describedby=\"gallery-1-46054\" data-src=\"https:\/\/www.santacroceweb.com\/giornale1\/wp-content\/uploads\/2017\/01\/20170111_125208-e1513859451514-150x150.jpg\" \/><\/a>\n\t\t\t<\/div>\n\t\t\t\t<figcaption class='wp-caption-text gallery-caption' id='gallery-1-46054'>\n\t\t\t\tIl plesso Dieci Aule\n\t\t\t\t<\/figcaption><\/figure><figure class='gallery-item'>\n\t\t\t<div class='gallery-icon landscape'>\n\t\t\t\t<a href='https:\/\/www.santacroceweb.com\/index.php\/2016\/11\/13\/atti-di-bullismo-a-scuola-11enne-minaccia-i-compagni-genitori-infuriati\/scuola-media\/'><img loading=\"lazy\" decoding=\"async\" width=\"150\" height=\"150\" src=\"https:\/\/www.santacroceweb.com\/giornale1\/wp-content\/uploads\/2016\/11\/Scuola-Media-e1616532035473.jpg\" class=\"attachment-thumbnail size-thumbnail jl-lazyload lazyload\" alt=\"\" aria-describedby=\"gallery-1-44349\" data-src=\"https:\/\/www.santacroceweb.com\/giornale1\/wp-content\/uploads\/2016\/11\/Scuola-Media-e1616532035473-150x150.jpg\" \/><\/a>\n\t\t\t<\/div>\n\t\t\t\t<figcaption class='wp-caption-text gallery-caption' id='gallery-1-44349'>\n\t\t\t\tScuola Media\n\t\t\t\t<\/figcaption><\/figure><figure class='gallery-item'>\n\t\t\t<div class='gallery-icon landscape'>\n\t\t\t\t<a href='https:\/\/www.santacroceweb.com\/index.php\/2017\/03\/31\/il-piano-scuola-di-barone-edilizia-mensa-e-assistenza-ai-disabili-le-priorita\/scuolaa\/'><img loading=\"lazy\" decoding=\"async\" width=\"150\" height=\"150\" src=\"https:\/\/www.santacroceweb.com\/giornale1\/wp-content\/uploads\/2017\/03\/scuolaa-e1490960958193.jpeg\" class=\"attachment-thumbnail size-thumbnail jl-lazyload lazyload\" alt=\"\" data-src=\"https:\/\/www.santacroceweb.com\/giornale1\/wp-content\/uploads\/2017\/03\/scuolaa-e1490960958193-150x150.jpeg\" \/><\/a>\n\t\t\t<\/div><\/figure><figure class='gallery-item'>\n\t\t\t<div class='gallery-icon landscape'>\n\t\t\t\t<a href='https:\/\/www.santacroceweb.com\/index.php\/2017\/03\/19\/si-allarga-la-corsa-giovanni-barone-candidato-a-sindaco-di-santa-croce\/giovanni-barone-3\/'><img loading=\"lazy\" decoding=\"async\" width=\"150\" height=\"150\" src=\"https:\/\/www.santacroceweb.com\/giornale1\/wp-content\/uploads\/2017\/03\/Giovanni-Barone-1.jpg\" class=\"attachment-thumbnail size-thumbnail jl-lazyload lazyload\" alt=\"\" aria-describedby=\"gallery-1-47727\" data-src=\"https:\/\/www.santacroceweb.com\/giornale1\/wp-content\/uploads\/2017\/03\/Giovanni-Barone-1-150x150.jpg\" \/><\/a>\n\t\t\t<\/div>\n\t\t\t\t<figcaption class='wp-caption-text gallery-caption' id='gallery-1-47727'>\n\t\t\t\tGiovanni Barone\n\t\t\t\t<\/figcaption><\/figure>\n\t\t<\/div>\n\n<p>&nbsp;<\/p>\n","protected":false},"excerpt":{"rendered":"<p>Il mondo della scuola sar\u00e0 al centro del programma elettorale di Giovanni Barone, candidato a sindaco per la citt\u00e0 di Santa Croce Camerina. \u201cUno dei nostri obiettivi, nei prossimi cinque anni, \u00e8 trasformare radicalmente l\u2019istituzione scolastica, sia a livello strutturale che di contenuti\u201d spiega il leader della lista civica #SantaCroceRivive. \u201cIntervenire sulle scuole di Santa [&hellip;]<\/p>\n","protected":false},"author":34,"featured_media":48011,"comment_status":"open","ping_status":"open","sticky":false,"template":"","format":"gallery","meta":{"footnotes":""},"categories":[4,11],"tags":[],"class_list":["post-48010","post","type-post","status-publish","format-gallery","has-post-thumbnail","hentry","category-politica","category-primopiano","post_format-post-format-gallery"],"_links":{"self":[{"href":"https:\/\/www.santacroceweb.com\/index.php\/wp-json\/wp\/v2\/posts\/48010","targetHints":{"allow":["GET"]}}],"collection":[{"href":"https:\/\/www.santacroceweb.com\/index.php\/wp-json\/wp\/v2\/posts"}],"about":[{"href":"https:\/\/www.santacroceweb.com\/index.php\/wp-json\/wp\/v2\/types\/post"}],"author":[{"embeddable":true,"href":"https:\/\/www.santacroceweb.com\/index.php\/wp-json\/wp\/v2\/users\/34"}],"replies":[{"embeddable":true,"href":"https:\/\/www.santacroceweb.com\/index.php\/wp-json\/wp\/v2\/comments?post=48010"}],"version-history":[{"count":0,"href":"https:\/\/www.santacroceweb.com\/index.php\/wp-json\/wp\/v2\/posts\/48010\/revisions"}],"wp:featuredmedia":[{"embeddable":true,"href":"https:\/\/www.santacroceweb.com\/index.php\/wp-json\/wp\/v2\/media\/48011"}],"wp:attachment":[{"href":"https:\/\/www.santacroceweb.com\/index.php\/wp-json\/wp\/v2\/media?parent=48010"}],"wp:term":[{"taxonomy":"category","embeddable":true,"href":"https:\/\/www.santacroceweb.com\/index.php\/wp-json\/wp\/v2\/categories?post=48010"},{"taxonomy":"post_tag","embeddable":true,"href":"https:\/\/www.santacroceweb.com\/index.php\/wp-json\/wp\/v2\/tags?post=48010"}],"curies":[{"name":"wp","href":"https:\/\/api.w.org\/{rel}","templated":true}]}}