{"id":48568,"date":"2017-04-27T16:07:58","date_gmt":"2017-04-27T14:07:58","guid":{"rendered":"http:\/\/www.santacroceweb.com\/giornale1\/?p=48568"},"modified":"2017-04-27T16:07:58","modified_gmt":"2017-04-27T14:07:58","slug":"scontro-sulla-ragusa-catania-coinvolte-due-donne-di-s-croce-di-62-e-68-anni","status":"publish","type":"post","link":"https:\/\/www.santacroceweb.com\/index.php\/2017\/04\/27\/scontro-sulla-ragusa-catania-coinvolte-due-donne-di-s-croce-di-62-e-68-anni\/","title":{"rendered":"Scontro sulla Ragusa-Catania: coinvolte due donne di S.Croce di 62 e 68 anni"},"content":{"rendered":"<p style=\"text-align: justify;\">Due donne di 62 e 68 anni, entrambe santacrocesi, sono rimaste coinvolte mercoled\u00ec in un incidente stradale avvenuto sulla statale 514 Ragusa-Catania. Il mezzo su cui viaggiavano, una Fiat 500, si \u00e8 scontrata frontalmente con una Opel Tigra, con a bordo due giovani di Comiso di 25 e 26 anni. Uno di essi \u00e8 stato trasportato in elisoccorso all&#8217;ospedale &#8220;Cannizzaro&#8221; di Catania, ma non \u00e8 in pericolo di vita. Il suo amico ha riportato delle ferite che secondo i medici guariranno in tre settimane. E&#8217; andata bene anche alle due donne: per loro si parla di una prognosi rispettivamente di 20 e 7 giorni. La polizia stradale, intervenuta sul luogo dell&#8217;incidente, sta cercando di ricostruire l&#8217;esatta dinamica dei fatti.<\/p>\n","protected":false},"excerpt":{"rendered":"<p>Due donne di 62 e 68 anni, entrambe santacrocesi, sono rimaste coinvolte mercoled\u00ec in un incidente stradale avvenuto sulla statale 514 Ragusa-Catania. Il mezzo su cui viaggiavano, una Fiat 500, si \u00e8 scontrata frontalmente con una Opel Tigra, con a bordo due giovani di Comiso di 25 e 26 anni. Uno di essi \u00e8 stato [&hellip;]<\/p>\n","protected":false},"author":34,"featured_media":48569,"comment_status":"open","ping_status":"open","sticky":false,"template":"","format":"standard","meta":{"footnotes":""},"categories":[7],"tags":[],"class_list":["post-48568","post","type-post","status-publish","format-standard","has-post-thumbnail","hentry","category-cronaca"],"_links":{"self":[{"href":"https:\/\/www.santacroceweb.com\/index.php\/wp-json\/wp\/v2\/posts\/48568","targetHints":{"allow":["GET"]}}],"collection":[{"href":"https:\/\/www.santacroceweb.com\/index.php\/wp-json\/wp\/v2\/posts"}],"about":[{"href":"https:\/\/www.santacroceweb.com\/index.php\/wp-json\/wp\/v2\/types\/post"}],"author":[{"embeddable":true,"href":"https:\/\/www.santacroceweb.com\/index.php\/wp-json\/wp\/v2\/users\/34"}],"replies":[{"embeddable":true,"href":"https:\/\/www.santacroceweb.com\/index.php\/wp-json\/wp\/v2\/comments?post=48568"}],"version-history":[{"count":0,"href":"https:\/\/www.santacroceweb.com\/index.php\/wp-json\/wp\/v2\/posts\/48568\/revisions"}],"wp:featuredmedia":[{"embeddable":true,"href":"https:\/\/www.santacroceweb.com\/index.php\/wp-json\/wp\/v2\/media\/48569"}],"wp:attachment":[{"href":"https:\/\/www.santacroceweb.com\/index.php\/wp-json\/wp\/v2\/media?parent=48568"}],"wp:term":[{"taxonomy":"category","embeddable":true,"href":"https:\/\/www.santacroceweb.com\/index.php\/wp-json\/wp\/v2\/categories?post=48568"},{"taxonomy":"post_tag","embeddable":true,"href":"https:\/\/www.santacroceweb.com\/index.php\/wp-json\/wp\/v2\/tags?post=48568"}],"curies":[{"name":"wp","href":"https:\/\/api.w.org\/{rel}","templated":true}]}}