{"id":49067,"date":"2017-05-23T20:21:59","date_gmt":"2017-05-23T18:21:59","guid":{"rendered":"http:\/\/www.santacroceweb.com\/giornale1\/?p=49067"},"modified":"2017-05-24T12:01:54","modified_gmt":"2017-05-24T10:01:54","slug":"inaugurata-la-palestra-lorys-papa-davide-sei-il-mio-piccolo-campione-video","status":"publish","type":"post","link":"https:\/\/www.santacroceweb.com\/index.php\/2017\/05\/23\/inaugurata-la-palestra-lorys-papa-davide-sei-il-mio-piccolo-campione-video\/","title":{"rendered":"Inaugurata la palestra &#8220;Lorys&#8221;, pap\u00e0 Davide: &#8220;Resti il mio campione&#8221; <font color=red>VIDEO<\/font>"},"content":{"rendered":"<p style=\"text-align: justify;\">E&#8217; stata inaugurata marted\u00ec sera, in occasione del 25\u00b0 anniversario della strage di Capaci, la struttura polivalente dedicata al piccolo Loris Stival, il bambino ucciso il 29 novembre 2014 a Santa Croce Camerina. La struttura, costata oltre 300 mila euro, rientra nell&#8217;ambito di &#8220;Io gioco legale&#8221;, il progetto approvato nell&#8217;ambito del Pon Sicurezza del Ministero degli Interni e realizzato grazie all&#8217;applicazione del programma Piano Azione Giovani Sicurezza e Legalit\u00e0. Ospiter\u00e0 al suo interno un campo polivalente di basket, pallavolo, pallamano e tennis.\u00a0Alla cerimonia d&#8217;inaugurazione erano presenti il sindaco di Santa Croce, Franca Iurato, il delegato provinciale del Coni, Gianstefano Passalacqua, e soprattutto il pap\u00e0 di Loris, Davide Stival, accompagnato dal suo avvocato Daniele Scrofani.<\/p>\n<p><iframe src=\"https:\/\/www.youtube.com\/embed\/iPbHr6hI5Fc\" width=\"560\" height=\"315\" frameborder=\"0\" allowfullscreen=\"allowfullscreen\"><\/iframe><\/p>\n<p style=\"text-align: justify;\">Davide, visibilmente commosso,\u00a0ha scoperto la targa celebrativa e indirizzato una lettera all\u2019amato figlioletto: \u201cCiao Loris, oggi voglio ricordati felice com\u2019eri quando praticavi il tuo sport preferito: il taekwondo. Non potr\u00f2 mai dimenticare i piccoli calci che davi in palestra durante le tue lezioni. Ne hai dati pochi. Avresti meritato di calciare per tutta la vita e diventare un campione. Cos\u00ec ti immagino adesso, come un piccolo campione. Da oggi vivrai attraverso questo progetto e questa palestra, che tutti chiameranno con il tuo nome. Oggi spazziamo via la polvere e le brutte nubi che hanno oscurato la tua breve vita, perch\u00e9 il tuo ricordo dovr\u00e0 essere sempre vivo e associato a cose belle\u201d. Poi Stival ha ringraziato le autorit\u00e0 presenti: \u201cSono contento per la nascita di questo complesso sportivo perch\u00e9 rappresenta un risorsa per tutta la comunit\u00e0 di Santa Croce. E lo sono ancora di pi\u00f9 perch\u00e9 porter\u00e0 il nome di Loris. Spero che questo splendido progetto possa essere da stimolo per tutti quei ragazzi che, come Loris, si impegneranno in qualcosa di grande. Lo sport \u00e8 vita, un indispensabile strumento di integrazione e socializzazione\u201d.<\/p>\n<p><iframe src=\"https:\/\/www.youtube.com\/embed\/7Oz8oqzYw7Y\" width=\"560\" height=\"315\" frameborder=\"0\" allowfullscreen=\"allowfullscreen\"><\/iframe><\/p>\n<p style=\"text-align: justify;\">Nel corso delle celebrazioni si sono alternati numerosi momenti: l&#8217;esibizione dell\u2019orchestra dell\u2019Istituto Comprensivo Psaumide, diretta dal professore Vincenzo Rabbito, e della banda comunale \u201cRisveglio Bandistico Kamarinense\u201d, guidata dal maestro Giuseppe Zisa; sono state consegnate le targhe \u201cIo gioco legale\u201d a tutte le societ\u00e0 sportive santacrocesi (tantissimi i bambini coinvolti nella sfilata iniziale), all\u2019Istituto Psaumide e all\u2019Istituto Fabio Besta. C\u2019\u00e8 stato spazio, inoltre, per due riconoscimenti alla memoria: uno per il\u00a0professore Salvatore Dipasquale, insegnante di Educazione Fisica, l\u2019altro a Ivan Cannata, giovane promessa dell\u2019atletica leggera scomparso prematuramente. Infine il sindaco ha omaggiato il gruppo di volontari della Protezione Civile comunale e Giuseppe La Rosa, soccorritore navale della Capitaneria di Porto, con due onorificenze. \u201cLa nostra speranza \u2013 ha spiegato Franca Iurato \u2013 sono i giovani. Sono loro i cittadini del domani e dovranno imparare a comportarsi seguendo il principio della legalit\u00e0. Non \u00e8 un caso che abbiamo scelto il 23 maggio per questa inaugurazione: \u00e8 il giorno della commemorazione di Giovanni Falcone. Non deve essere una giornata di mestizia, ma un invito ad andare oltre. Questa palestra rappresenter\u00e0 un luogo di legalit\u00e0, dove si coltiveranno i valori del gruppo, della lealt\u00e0 e dello sport sano. La comunit\u00e0 vuole coprire con un manto affettuoso la tragica scomparsa di Loris, lanciando un messaggio di vita e di impegno\u201d.<\/p>\n<p><iframe src=\"https:\/\/www.youtube.com\/embed\/xCvwe9CYeEI\" width=\"560\" height=\"315\" frameborder=\"0\" allowfullscreen=\"allowfullscreen\"><\/iframe><\/p>\n<div id='gallery-1' class='gallery galleryid-49067 gallery-columns-3 gallery-size-thumbnail'><figure class='gallery-item'>\n\t\t\t<div class='gallery-icon landscape'>\n\t\t\t\t<a href='https:\/\/www.santacroceweb.com\/index.php\/2017\/05\/23\/inaugurata-la-palestra-lorys-papa-davide-sei-il-mio-piccolo-campione-video\/img_0369\/'><img decoding=\"async\" width=\"150\" height=\"150\" src=\"https:\/\/www.santacroceweb.com\/giornale1\/wp-content\/uploads\/2017\/05\/IMG_0369.jpg\" class=\"attachment-thumbnail size-thumbnail jl-lazyload lazyload\" alt=\"\" data-src=\"https:\/\/www.santacroceweb.com\/giornale1\/wp-content\/uploads\/2017\/05\/IMG_0369-150x150.jpg\" \/><\/a>\n\t\t\t<\/div><\/figure><figure class='gallery-item'>\n\t\t\t<div class='gallery-icon landscape'>\n\t\t\t\t<a href='https:\/\/www.santacroceweb.com\/index.php\/2017\/05\/23\/inaugurata-la-palestra-lorys-papa-davide-sei-il-mio-piccolo-campione-video\/img_0368\/'><img decoding=\"async\" width=\"150\" height=\"150\" src=\"https:\/\/www.santacroceweb.com\/giornale1\/wp-content\/uploads\/2017\/05\/IMG_0368.jpg\" class=\"attachment-thumbnail size-thumbnail jl-lazyload lazyload\" alt=\"\" data-src=\"https:\/\/www.santacroceweb.com\/giornale1\/wp-content\/uploads\/2017\/05\/IMG_0368-150x150.jpg\" \/><\/a>\n\t\t\t<\/div><\/figure><figure class='gallery-item'>\n\t\t\t<div class='gallery-icon landscape'>\n\t\t\t\t<a href='https:\/\/www.santacroceweb.com\/index.php\/2017\/05\/23\/inaugurata-la-palestra-lorys-papa-davide-sei-il-mio-piccolo-campione-video\/img_0367\/'><img decoding=\"async\" width=\"150\" height=\"150\" src=\"https:\/\/www.santacroceweb.com\/giornale1\/wp-content\/uploads\/2017\/05\/IMG_0367.jpg\" class=\"attachment-thumbnail size-thumbnail jl-lazyload lazyload\" alt=\"\" data-src=\"https:\/\/www.santacroceweb.com\/giornale1\/wp-content\/uploads\/2017\/05\/IMG_0367-150x150.jpg\" \/><\/a>\n\t\t\t<\/div><\/figure><figure class='gallery-item'>\n\t\t\t<div class='gallery-icon landscape'>\n\t\t\t\t<a href='https:\/\/www.santacroceweb.com\/index.php\/2017\/05\/23\/inaugurata-la-palestra-lorys-papa-davide-sei-il-mio-piccolo-campione-video\/img_0364\/'><img loading=\"lazy\" decoding=\"async\" width=\"150\" height=\"150\" src=\"https:\/\/www.santacroceweb.com\/giornale1\/wp-content\/uploads\/2017\/05\/IMG_0364.jpg\" class=\"attachment-thumbnail size-thumbnail jl-lazyload lazyload\" alt=\"\" data-src=\"https:\/\/www.santacroceweb.com\/giornale1\/wp-content\/uploads\/2017\/05\/IMG_0364-150x150.jpg\" \/><\/a>\n\t\t\t<\/div><\/figure><figure class='gallery-item'>\n\t\t\t<div class='gallery-icon landscape'>\n\t\t\t\t<a href='https:\/\/www.santacroceweb.com\/index.php\/2017\/05\/23\/inaugurata-la-palestra-lorys-papa-davide-sei-il-mio-piccolo-campione-video\/img_0344\/'><img loading=\"lazy\" decoding=\"async\" width=\"150\" height=\"150\" src=\"https:\/\/www.santacroceweb.com\/giornale1\/wp-content\/uploads\/2017\/05\/IMG_0344.jpg\" class=\"attachment-thumbnail size-thumbnail jl-lazyload lazyload\" alt=\"\" aria-describedby=\"gallery-1-49070\" data-src=\"https:\/\/www.santacroceweb.com\/giornale1\/wp-content\/uploads\/2017\/05\/IMG_0344-150x150.jpg\" \/><\/a>\n\t\t\t<\/div>\n\t\t\t\t<figcaption class='wp-caption-text gallery-caption' id='gallery-1-49070'>\n\t\t\t\tDavide Stival e i compagni di Taekwondo del figlio\n\t\t\t\t<\/figcaption><\/figure><figure class='gallery-item'>\n\t\t\t<div class='gallery-icon landscape'>\n\t\t\t\t<a href='https:\/\/www.santacroceweb.com\/index.php\/2017\/05\/23\/inaugurata-la-palestra-lorys-papa-davide-sei-il-mio-piccolo-campione-video\/img_0350\/'><img loading=\"lazy\" decoding=\"async\" width=\"150\" height=\"150\" src=\"https:\/\/www.santacroceweb.com\/giornale1\/wp-content\/uploads\/2017\/05\/IMG_0350.jpg\" class=\"attachment-thumbnail size-thumbnail jl-lazyload lazyload\" alt=\"\" data-src=\"https:\/\/www.santacroceweb.com\/giornale1\/wp-content\/uploads\/2017\/05\/IMG_0350-150x150.jpg\" \/><\/a>\n\t\t\t<\/div><\/figure><figure class='gallery-item'>\n\t\t\t<div class='gallery-icon landscape'>\n\t\t\t\t<a href='https:\/\/www.santacroceweb.com\/index.php\/2017\/05\/23\/inaugurata-la-palestra-lorys-papa-davide-sei-il-mio-piccolo-campione-video\/img_0353\/'><img loading=\"lazy\" decoding=\"async\" width=\"150\" height=\"150\" src=\"https:\/\/www.santacroceweb.com\/giornale1\/wp-content\/uploads\/2017\/05\/IMG_0353.jpg\" class=\"attachment-thumbnail size-thumbnail jl-lazyload lazyload\" alt=\"\" data-src=\"https:\/\/www.santacroceweb.com\/giornale1\/wp-content\/uploads\/2017\/05\/IMG_0353-150x150.jpg\" \/><\/a>\n\t\t\t<\/div><\/figure><figure class='gallery-item'>\n\t\t\t<div class='gallery-icon landscape'>\n\t\t\t\t<a href='https:\/\/www.santacroceweb.com\/index.php\/2017\/05\/23\/inaugurata-la-palestra-lorys-papa-davide-sei-il-mio-piccolo-campione-video\/img_0362\/'><img loading=\"lazy\" decoding=\"async\" width=\"150\" height=\"150\" src=\"https:\/\/www.santacroceweb.com\/giornale1\/wp-content\/uploads\/2017\/05\/IMG_0362.jpg\" class=\"attachment-thumbnail size-thumbnail jl-lazyload lazyload\" alt=\"\" data-src=\"https:\/\/www.santacroceweb.com\/giornale1\/wp-content\/uploads\/2017\/05\/IMG_0362-150x150.jpg\" \/><\/a>\n\t\t\t<\/div><\/figure><figure class='gallery-item'>\n\t\t\t<div class='gallery-icon landscape'>\n\t\t\t\t<a href='https:\/\/www.santacroceweb.com\/index.php\/2017\/05\/23\/inaugurata-la-palestra-lorys-papa-davide-sei-il-mio-piccolo-campione-video\/img_0342\/'><img loading=\"lazy\" decoding=\"async\" width=\"150\" height=\"150\" src=\"https:\/\/www.santacroceweb.com\/giornale1\/wp-content\/uploads\/2017\/05\/IMG_0342.jpg\" class=\"attachment-thumbnail size-thumbnail jl-lazyload lazyload\" alt=\"\" data-src=\"https:\/\/www.santacroceweb.com\/giornale1\/wp-content\/uploads\/2017\/05\/IMG_0342-150x150.jpg\" \/><\/a>\n\t\t\t<\/div><\/figure><figure class='gallery-item'>\n\t\t\t<div class='gallery-icon landscape'>\n\t\t\t\t<a href='https:\/\/www.santacroceweb.com\/index.php\/2017\/05\/23\/inaugurata-la-palestra-lorys-papa-davide-sei-il-mio-piccolo-campione-video\/img_0340\/'><img loading=\"lazy\" decoding=\"async\" width=\"150\" height=\"150\" src=\"https:\/\/www.santacroceweb.com\/giornale1\/wp-content\/uploads\/2017\/05\/IMG_0340.jpg\" class=\"attachment-thumbnail size-thumbnail jl-lazyload lazyload\" alt=\"\" data-src=\"https:\/\/www.santacroceweb.com\/giornale1\/wp-content\/uploads\/2017\/05\/IMG_0340-150x150.jpg\" \/><\/a>\n\t\t\t<\/div><\/figure>\n\t\t<\/div>\n\n","protected":false},"excerpt":{"rendered":"<p>E&#8217; stata inaugurata marted\u00ec sera, in occasione del 25\u00b0 anniversario della strage di Capaci, la struttura polivalente dedicata al piccolo Loris Stival, il bambino ucciso il 29 novembre 2014 a Santa Croce Camerina. La struttura, costata oltre 300 mila euro, rientra nell&#8217;ambito di &#8220;Io gioco legale&#8221;, il progetto approvato nell&#8217;ambito del Pon Sicurezza del Ministero [&hellip;]<\/p>\n","protected":false},"author":11,"featured_media":49082,"comment_status":"open","ping_status":"open","sticky":false,"template":"","format":"gallery","meta":{"footnotes":""},"categories":[8,11],"tags":[],"class_list":["post-49067","post","type-post","status-publish","format-gallery","has-post-thumbnail","hentry","category-attualita","category-primopiano","post_format-post-format-gallery"],"_links":{"self":[{"href":"https:\/\/www.santacroceweb.com\/index.php\/wp-json\/wp\/v2\/posts\/49067","targetHints":{"allow":["GET"]}}],"collection":[{"href":"https:\/\/www.santacroceweb.com\/index.php\/wp-json\/wp\/v2\/posts"}],"about":[{"href":"https:\/\/www.santacroceweb.com\/index.php\/wp-json\/wp\/v2\/types\/post"}],"author":[{"embeddable":true,"href":"https:\/\/www.santacroceweb.com\/index.php\/wp-json\/wp\/v2\/users\/11"}],"replies":[{"embeddable":true,"href":"https:\/\/www.santacroceweb.com\/index.php\/wp-json\/wp\/v2\/comments?post=49067"}],"version-history":[{"count":0,"href":"https:\/\/www.santacroceweb.com\/index.php\/wp-json\/wp\/v2\/posts\/49067\/revisions"}],"wp:featuredmedia":[{"embeddable":true,"href":"https:\/\/www.santacroceweb.com\/index.php\/wp-json\/wp\/v2\/media\/49082"}],"wp:attachment":[{"href":"https:\/\/www.santacroceweb.com\/index.php\/wp-json\/wp\/v2\/media?parent=49067"}],"wp:term":[{"taxonomy":"category","embeddable":true,"href":"https:\/\/www.santacroceweb.com\/index.php\/wp-json\/wp\/v2\/categories?post=49067"},{"taxonomy":"post_tag","embeddable":true,"href":"https:\/\/www.santacroceweb.com\/index.php\/wp-json\/wp\/v2\/tags?post=49067"}],"curies":[{"name":"wp","href":"https:\/\/api.w.org\/{rel}","templated":true}]}}