{"id":49392,"date":"2017-06-05T12:16:27","date_gmt":"2017-06-05T10:16:27","guid":{"rendered":"http:\/\/www.santacroceweb.com\/giornale1\/?p=49392"},"modified":"2017-06-05T12:16:27","modified_gmt":"2017-06-05T10:16:27","slug":"basket-memorial-giannunzio-mandara-lunedi-prossimo-scatta-la-12a-edizione","status":"publish","type":"post","link":"https:\/\/www.santacroceweb.com\/index.php\/2017\/06\/05\/basket-memorial-giannunzio-mandara-lunedi-prossimo-scatta-la-12a-edizione\/","title":{"rendered":"Basket, Memorial Giannunzio Mandar\u00e0: luned\u00ec prossimo scatta la 12\u00aa edizione"},"content":{"rendered":"<p style=\"text-align: justify;\">Dal 12 al 17 giugno Santa Croce Camerina ospiter\u00e0 la dodicesima edizione del \u201cMemorial Giannunzio Mandar\u00e0\u201d, il torneo di basket giovanile organizzato dall\u2019Associazione Dilettantistica Polisportiva Vigor e dalla famiglia del compianto Giannunzio, con il patrocinio del Comune di Santa Croce Camerina. L\u2019evento, che negli anni \u00e8 diventato di fama nazionale, sar\u00e0 spalmato su cinque giorni: i primi due \u2013 luned\u00ec 12 e marted\u00ec 13 \u2013 vedranno la partecipazione delle formazioni Under 18 (fra cui la Viola Reggio Calabria) e Under 14 (con la Pgs Sales Catania), che si sfideranno in due quadrangolari presso la palestra comunale Santa Rosalia. Dopo la giornata di riposo in programma mercoled\u00ec 14, la truppa si sposter\u00e0 in piazza Vittorio Emanuele II, dove i pi\u00f9 piccoli (suddivisi nelle categorie Esordienti, Aquilotti, Scoiattoli e Pulcini) animeranno la \u201ctre giorni\u201d conclusiva e delizieranno il pubblico presente. Il Memorial sar\u00e0 patrocinato anche da Fip Sicilia. Si avvarr\u00e0, inoltre, della collaborazione di numerosi sponsor, che hanno scelto di dare una mano e contribuire alla buona riuscita della manifestazione. La dodicesima edizione del \u201cMemorial Giannunzio Mandar\u00e0\u201d verr\u00e0 presentata gioved\u00ec 8 giugno alle 17 presso l\u2019aula consiliare del Comune di Santa Croce Camerina.<\/p>\n<p style=\"text-align: justify;\"><span style=\"color: #ff0000;\"><strong>LA LOCANDINA DELL&#8217;EVENTO<\/strong><\/span><\/p>\n<p style=\"text-align: justify;\"><img fetchpriority=\"high\" decoding=\"async\" class=\"alignnone size-full wp-image-49394 lazyload\" src=\"data:image\/gif;base64,R0lGODlhAQABAAAAACH5BAEKAAEALAAAAAABAAEAAAICTAEAOw==\" data-src=\"https:\/\/www.santacroceweb.com\/giornale1\/wp-content\/uploads\/2017\/06\/Memorial-Giannunzio-Mandar\u00e0.jpg\" alt=\"\" width=\"2384\" height=\"2540\" data-sizes=\"auto\" data-srcset=\"https:\/\/www.santacroceweb.com\/giornale1\/wp-content\/uploads\/2017\/06\/Memorial-Giannunzio-Mandar\u00e0.jpg 2384w, https:\/\/www.santacroceweb.com\/giornale1\/wp-content\/uploads\/2017\/06\/Memorial-Giannunzio-Mandar\u00e0-282x300.jpg 282w, https:\/\/www.santacroceweb.com\/giornale1\/wp-content\/uploads\/2017\/06\/Memorial-Giannunzio-Mandar\u00e0-768x818.jpg 768w, https:\/\/www.santacroceweb.com\/giornale1\/wp-content\/uploads\/2017\/06\/Memorial-Giannunzio-Mandar\u00e0-961x1024.jpg 961w\" sizes=\"(max-width: 2384px) 100vw, 2384px\" \/><\/p>\n","protected":false},"excerpt":{"rendered":"<p>Dal 12 al 17 giugno Santa Croce Camerina ospiter\u00e0 la dodicesima edizione del \u201cMemorial Giannunzio Mandar\u00e0\u201d, il torneo di basket giovanile organizzato dall\u2019Associazione Dilettantistica Polisportiva Vigor e dalla famiglia del compianto Giannunzio, con il patrocinio del Comune di Santa Croce Camerina. L\u2019evento, che negli anni \u00e8 diventato di fama nazionale, sar\u00e0 spalmato su cinque giorni: [&hellip;]<\/p>\n","protected":false},"author":34,"featured_media":49393,"comment_status":"open","ping_status":"open","sticky":false,"template":"","format":"standard","meta":{"footnotes":""},"categories":[3],"tags":[],"class_list":["post-49392","post","type-post","status-publish","format-standard","has-post-thumbnail","hentry","category-sport"],"_links":{"self":[{"href":"https:\/\/www.santacroceweb.com\/index.php\/wp-json\/wp\/v2\/posts\/49392","targetHints":{"allow":["GET"]}}],"collection":[{"href":"https:\/\/www.santacroceweb.com\/index.php\/wp-json\/wp\/v2\/posts"}],"about":[{"href":"https:\/\/www.santacroceweb.com\/index.php\/wp-json\/wp\/v2\/types\/post"}],"author":[{"embeddable":true,"href":"https:\/\/www.santacroceweb.com\/index.php\/wp-json\/wp\/v2\/users\/34"}],"replies":[{"embeddable":true,"href":"https:\/\/www.santacroceweb.com\/index.php\/wp-json\/wp\/v2\/comments?post=49392"}],"version-history":[{"count":0,"href":"https:\/\/www.santacroceweb.com\/index.php\/wp-json\/wp\/v2\/posts\/49392\/revisions"}],"wp:featuredmedia":[{"embeddable":true,"href":"https:\/\/www.santacroceweb.com\/index.php\/wp-json\/wp\/v2\/media\/49393"}],"wp:attachment":[{"href":"https:\/\/www.santacroceweb.com\/index.php\/wp-json\/wp\/v2\/media?parent=49392"}],"wp:term":[{"taxonomy":"category","embeddable":true,"href":"https:\/\/www.santacroceweb.com\/index.php\/wp-json\/wp\/v2\/categories?post=49392"},{"taxonomy":"post_tag","embeddable":true,"href":"https:\/\/www.santacroceweb.com\/index.php\/wp-json\/wp\/v2\/tags?post=49392"}],"curies":[{"name":"wp","href":"https:\/\/api.w.org\/{rel}","templated":true}]}}