{"id":49962,"date":"2017-06-22T18:14:42","date_gmt":"2017-06-22T16:14:42","guid":{"rendered":"http:\/\/www.santacroceweb.com\/giornale1\/?p=49962"},"modified":"2017-06-22T18:15:10","modified_gmt":"2017-06-22T16:15:10","slug":"arcana-domenica-lescursione-alla-grotta-delle-trabacche-come-partecipare","status":"publish","type":"post","link":"https:\/\/www.santacroceweb.com\/index.php\/2017\/06\/22\/arcana-domenica-lescursione-alla-grotta-delle-trabacche-come-partecipare\/","title":{"rendered":"Arcana, domenica escursione alla Grotta delle Trabacche: come partecipare"},"content":{"rendered":"<p style=\"text-align: justify;\">L&#8217;Associazione Ricreativa Culturale Archeologica Naturalistica Antropologica organizza per domenica prossima, giorno 25 giugno, una visita escursionistica presso contrada Buttino a Ragusa. In questa localit\u00e0 si trova &#8220;La Grotta delle Trabacche&#8221;, zona archeologica sita a 5 km dalla citt\u00e0 di Ragusa. E&#8217; uno dei luoghi pi\u00f9 affascinanti del territorio ibleo, recentemente sistemato e reso pienamente fruibile dalla Soprintendenza ai beni culturali e ambientali. Non si tratta in realt\u00e0 di una grotta naturale, bens\u00ec di una piccola catacomba scavata negli altipiani calcarei che caratterizzano i monti Iblei. Il primo a dare notoriet\u00e0 al sito fu Jean Houel, pittore francese che nel &#8216;700 viaggi\u00f2 attraverso la Pianta della Catacomba delle Trabacche Sicilia, raccontandone attraverso i suoi dipinti i luoghi pi\u00f9 suggestivi. In alcuni suoi dipinti rappresenta proprio le Trabacche. Presso questo sito archeologico in anni recenti \u00e8 stato girato uno dei primi episodi della fiction Rai &#8220;Il Commissario Montalbano&#8221;, precisamente &#8220;Il cane di terracotta&#8221;, un episodio in cui il commissario ritrova i corpi di due fidanzatini e un cane di terracotta che d\u00e0 il nome all&#8217;intero episodio.<\/p>\n<p style=\"text-align: justify;\">La partenza si terr\u00e0 in piazzetta degli Studi a Santa Croce Camerina alle 8:30, dove i soci dell&#8217;Arcana vi attenderanno; sono invitati tutti a partecipare e si prega di dare conferma della propria presenza entro la giornata di sabato 24, chiamando al numero 339 4130217. Per ulteriori informazioni visualizzate questo link https:\/\/youtu.be\/5VrI20Ygf3Y.<\/p>\n","protected":false},"excerpt":{"rendered":"<p>L&#8217;Associazione Ricreativa Culturale Archeologica Naturalistica Antropologica organizza per domenica prossima, giorno 25 giugno, una visita escursionistica presso contrada Buttino a Ragusa. In questa localit\u00e0 si trova &#8220;La Grotta delle Trabacche&#8221;, zona archeologica sita a 5 km dalla citt\u00e0 di Ragusa. E&#8217; uno dei luoghi pi\u00f9 affascinanti del territorio ibleo, recentemente sistemato e reso pienamente fruibile [&hellip;]<\/p>\n","protected":false},"author":27,"featured_media":49963,"comment_status":"open","ping_status":"open","sticky":false,"template":"","format":"standard","meta":{"footnotes":""},"categories":[6],"tags":[],"class_list":["post-49962","post","type-post","status-publish","format-standard","has-post-thumbnail","hentry","category-culturaespettacolo"],"_links":{"self":[{"href":"https:\/\/www.santacroceweb.com\/index.php\/wp-json\/wp\/v2\/posts\/49962","targetHints":{"allow":["GET"]}}],"collection":[{"href":"https:\/\/www.santacroceweb.com\/index.php\/wp-json\/wp\/v2\/posts"}],"about":[{"href":"https:\/\/www.santacroceweb.com\/index.php\/wp-json\/wp\/v2\/types\/post"}],"author":[{"embeddable":true,"href":"https:\/\/www.santacroceweb.com\/index.php\/wp-json\/wp\/v2\/users\/27"}],"replies":[{"embeddable":true,"href":"https:\/\/www.santacroceweb.com\/index.php\/wp-json\/wp\/v2\/comments?post=49962"}],"version-history":[{"count":0,"href":"https:\/\/www.santacroceweb.com\/index.php\/wp-json\/wp\/v2\/posts\/49962\/revisions"}],"wp:featuredmedia":[{"embeddable":true,"href":"https:\/\/www.santacroceweb.com\/index.php\/wp-json\/wp\/v2\/media\/49963"}],"wp:attachment":[{"href":"https:\/\/www.santacroceweb.com\/index.php\/wp-json\/wp\/v2\/media?parent=49962"}],"wp:term":[{"taxonomy":"category","embeddable":true,"href":"https:\/\/www.santacroceweb.com\/index.php\/wp-json\/wp\/v2\/categories?post=49962"},{"taxonomy":"post_tag","embeddable":true,"href":"https:\/\/www.santacroceweb.com\/index.php\/wp-json\/wp\/v2\/tags?post=49962"}],"curies":[{"name":"wp","href":"https:\/\/api.w.org\/{rel}","templated":true}]}}