{"id":50495,"date":"2017-07-20T09:11:03","date_gmt":"2017-07-20T07:11:03","guid":{"rendered":"http:\/\/www.santacroceweb.com\/giornale1\/?p=50495"},"modified":"2017-07-20T09:16:48","modified_gmt":"2017-07-20T07:16:48","slug":"vigili-del-fuoco-comella-apre-uno-spiraglio-distaccamento-puo-riaprire","status":"publish","type":"post","link":"https:\/\/www.santacroceweb.com\/index.php\/2017\/07\/20\/vigili-del-fuoco-comella-apre-uno-spiraglio-distaccamento-puo-riaprire\/","title":{"rendered":"Vigili del Fuoco, Comella vede uno spiraglio: &#8220;Distaccamento pu\u00f2 riaprire&#8221;"},"content":{"rendered":"<p style=\"text-align: justify;\">Per il distaccamento volontario dei Vigili del Fuoco di Santa Croce Camerina non \u00e8 detta l\u2019ultima parola. Il comandante provinciale Aldo Comella, infatti, ha dato mandato al capo distaccamento di Santa Croce di capire se, da parte dei volontari che hanno gi\u00e0 prestato servizio presso la struttura di c.da Pezze, ci sia la voglia \u2013 in attesa dell\u2019elenco definitivo con cui diventeranno \u201ceffettivi\u201d \u2013 di tornare a lavorare a Santa Croce. Gi\u00e0 nei prossimi giorni potrebbero esserci novit\u00e0 importanti: \u201cIl distaccamento \u00e8 attualmente chiuso, ma spero di riaprirlo prima possibile \u2013 spiega Comella a \u201cVideo Mediterraneo\u201d -. Il capo del corpo ha emanato una nuova circolare: in attesa del transito nel nuovo elenco, si d\u00e0 la possibilit\u00e0 agli ex volontari tornare a compiere questo servizio presso i distaccamenti volontari. Voglio capire se i volontari che hanno rinunciato, siano disponibili a tornare temporaneamente nella struttura. In caso contrario chieder\u00f2 agli altri iscritti all\u2019elenco dei volontari se vogliono prestare servizio in questo distaccamento\u201d. Il volontario Salvatore Macca sottolinea l\u2019importanza di questa sede operativa: \u201cNel territorio di Santa Croce insistono molte aziende agricole e numerose attivit\u00e0 turistiche. E durante l\u2019estate si concentra una grande affluenza di persone. Compiamo circa 700 interventi annui, spesso anche presso il comune di Vittoria e le frazioni del comune di Ragusa, in cui veniamo utilizzati per il servizio di soccorso urgente. Spero che \u2013 con noi o senza di noi \u2013 questa sede rimanga operativa perch\u00e9 \u00e8 un bene per la comunit\u00e0\u201d. Il sindaco Giovanni Barone accoglie positivamente l\u2019apertura del comandante Comella e conferma che \u201cil Comune si \u00e8 gi\u00e0 attivato per quanto di sua competenza! E siccome, come dice bene il volontario, il presidio serve pure cospicuamente i Comuni limitrofi, siamo sicuri di avere, nelle sedi opportune, il loro appoggio per la risoluzione della vertenza\u201d.<\/p>\n","protected":false},"excerpt":{"rendered":"<p>Per il distaccamento volontario dei Vigili del Fuoco di Santa Croce Camerina non \u00e8 detta l\u2019ultima parola. Il comandante provinciale Aldo Comella, infatti, ha dato mandato al capo distaccamento di Santa Croce di capire se, da parte dei volontari che hanno gi\u00e0 prestato servizio presso la struttura di c.da Pezze, ci sia la voglia \u2013 [&hellip;]<\/p>\n","protected":false},"author":34,"featured_media":50496,"comment_status":"open","ping_status":"open","sticky":false,"template":"","format":"standard","meta":{"footnotes":""},"categories":[8,11],"tags":[],"class_list":["post-50495","post","type-post","status-publish","format-standard","has-post-thumbnail","hentry","category-attualita","category-primopiano"],"_links":{"self":[{"href":"https:\/\/www.santacroceweb.com\/index.php\/wp-json\/wp\/v2\/posts\/50495","targetHints":{"allow":["GET"]}}],"collection":[{"href":"https:\/\/www.santacroceweb.com\/index.php\/wp-json\/wp\/v2\/posts"}],"about":[{"href":"https:\/\/www.santacroceweb.com\/index.php\/wp-json\/wp\/v2\/types\/post"}],"author":[{"embeddable":true,"href":"https:\/\/www.santacroceweb.com\/index.php\/wp-json\/wp\/v2\/users\/34"}],"replies":[{"embeddable":true,"href":"https:\/\/www.santacroceweb.com\/index.php\/wp-json\/wp\/v2\/comments?post=50495"}],"version-history":[{"count":0,"href":"https:\/\/www.santacroceweb.com\/index.php\/wp-json\/wp\/v2\/posts\/50495\/revisions"}],"wp:featuredmedia":[{"embeddable":true,"href":"https:\/\/www.santacroceweb.com\/index.php\/wp-json\/wp\/v2\/media\/50496"}],"wp:attachment":[{"href":"https:\/\/www.santacroceweb.com\/index.php\/wp-json\/wp\/v2\/media?parent=50495"}],"wp:term":[{"taxonomy":"category","embeddable":true,"href":"https:\/\/www.santacroceweb.com\/index.php\/wp-json\/wp\/v2\/categories?post=50495"},{"taxonomy":"post_tag","embeddable":true,"href":"https:\/\/www.santacroceweb.com\/index.php\/wp-json\/wp\/v2\/tags?post=50495"}],"curies":[{"name":"wp","href":"https:\/\/api.w.org\/{rel}","templated":true}]}}