{"id":50778,"date":"2017-08-02T10:10:10","date_gmt":"2017-08-02T08:10:10","guid":{"rendered":"http:\/\/www.santacroceweb.com\/giornale1\/?p=50778"},"modified":"2017-08-02T10:11:19","modified_gmt":"2017-08-02T08:11:19","slug":"ingegneri-si-insedia-consiglio-dellordine-dimartino-una-grande-casa-comune","status":"publish","type":"post","link":"https:\/\/www.santacroceweb.com\/index.php\/2017\/08\/02\/ingegneri-si-insedia-consiglio-dellordine-dimartino-una-grande-casa-comune\/","title":{"rendered":"Ingegneri, si insedia il nuovo Consiglio. Dimartino: &#8220;Una grande casa comune&#8221;"},"content":{"rendered":"<p style=\"text-align: justify;\">Martedi 1 agosto si \u00e8 insediato il Consiglio dell\u2019Ordine degli Ingegneri della Provincia di Ragusa, eletto per il quadriennio 2017-2021.\u00a0Il neo Consiglio all\u2019unanimit\u00e0 ha designato: presidente Vincenzo Dimartino, vice-presidente Simona Vaccaro, tesoriere Vincenzo Tumino, segretario Sandro Feligioni.\u00a0Il Consiglio risulta altres\u00ec costituito dagli ingegneri: Salvatore Di Martino, Raffaele Giannone, Gianni Giuffrida, Carmelo Lucifora, Andrea Sansone, Gianpaolo Scollo e Simona Sidoti, e si propone di dare rinnovato vigore alle attivit\u00e0 che si renderanno utili alla categoria professionale. Il presidente Dimartino, giunto al secondo mandato, si (ri)presenta con una lettera che pubblichiamo per intero:<\/p>\n<p style=\"text-align: justify;\">\u201cRieccoci! Da oggi, l\u2019insediamento del Consiglio eletto in data 22 giugno ci consegna la possibilit\u00e0 e il dovere di rappresentare gli oltre mille colleghi dell\u2019Ordine di cui facciamo parte. Siamo una squadra assortita sia territorialmente, che anagraficamente: abbiamo et\u00e0 comprese fra i 35 e i 65 anni. Siamo dotati di grande entusiasmo nell\u2019affrontare le prossime opportunit\u00e0 che l\u2019occasione di rappresentarvi tutti, da voi confermata, ci dar\u00e0.<\/p>\n<p style=\"text-align: justify;\">I quattro anni trascorsi, seppur caratterizzati per chi vi scrive da momenti molto difficili sul piano personale, sono volati forse grazie al confronto quotidiano coi colleghi e, forse, al necessario e programmato impegno al servizio della categoria. Nel ringraziare i colleghi consiglieri ancora presenti e quelli che, sportivamente, hanno ritenuto di fare un passo indietro, sembra opportuno che la tristezza delle cose che finiscono ceda il passo alla programmazione per l\u2019attivit\u00e0 futura nella categoria e per la categoria: non \u00e8 facile rappresentare colleghi diversi per et\u00e0, formazione culturale e professionale riteniamo, sull\u2019onda di quanto gi\u00e0 fatto, di dover meglio e pi\u00f9 incisivamente operare al servizio della categoria, anche in forza dell\u2019esperienza acquisita in questi anni.<\/p>\n<p style=\"text-align: justify;\">L\u2019attivit\u00e0 ordinistica \u00e8 costellata di grandi e piccole problematicit\u00e0 la cui chiave di risoluzione non pu\u00f2 che passare attraverso il confronto coi colleghi tutti, nella consapevolezza di essere \u201cprimi inter pares\u201d nella rappresentativit\u00e0 dell\u2019Ordine, inteso come \u201cgrande casa comune degli ingegneri\u201d. Riteniamo che la nostra attivit\u00e0 pi\u00f9 che al Giovanni Drago del \u201cDeserto dei tartari\u201d non vada estrinsecata nel chiuso di una sede istituzionale e quindi si debba estrinsecare in tutte le sedi di rappresentanza, sia ordinistica, che istituzionale in senso lato: i rappresentanti istituzionali dell\u2019Ordine non devono essere immanenti e disillusi, il Principe di Salina, n\u00e9 opportunisti, Tancredi.<\/p>\n<p style=\"text-align: justify;\">Riteniamo di dover concentrare grande attenzione verso i giovani colleghi: dei 93 iscritti nell\u2019ultimo quadriennio la massima parte \u00e8 stata costretta ad andare a lavorare all\u2019estero o, comunque, al di fuori del nostro territorio. Il nostro pensiero va alla perdita del caro collega Francesco Magro: il primo impegno istituzionale di questo mandato \u00e8 stato certamente doloroso e di grande responsabilit\u00e0 nel dover rappresentare il sentimento dei colleghi a fronte della perdita di un collega dal grande valore umano e professionale. Concludiamo con la speranza di essere all\u2019altezza delle aspettative dei colleghi nel ruolo che andremo a svolgere\u201d.<\/p>\n","protected":false},"excerpt":{"rendered":"<p>Martedi 1 agosto si \u00e8 insediato il Consiglio dell\u2019Ordine degli Ingegneri della Provincia di Ragusa, eletto per il quadriennio 2017-2021.\u00a0Il neo Consiglio all\u2019unanimit\u00e0 ha designato: presidente Vincenzo Dimartino, vice-presidente Simona Vaccaro, tesoriere Vincenzo Tumino, segretario Sandro Feligioni.\u00a0Il Consiglio risulta altres\u00ec costituito dagli ingegneri: Salvatore Di Martino, Raffaele Giannone, Gianni Giuffrida, Carmelo Lucifora, Andrea Sansone, Gianpaolo [&hellip;]<\/p>\n","protected":false},"author":34,"featured_media":50779,"comment_status":"open","ping_status":"open","sticky":false,"template":"","format":"standard","meta":{"footnotes":""},"categories":[8],"tags":[],"class_list":["post-50778","post","type-post","status-publish","format-standard","has-post-thumbnail","hentry","category-attualita"],"_links":{"self":[{"href":"https:\/\/www.santacroceweb.com\/index.php\/wp-json\/wp\/v2\/posts\/50778","targetHints":{"allow":["GET"]}}],"collection":[{"href":"https:\/\/www.santacroceweb.com\/index.php\/wp-json\/wp\/v2\/posts"}],"about":[{"href":"https:\/\/www.santacroceweb.com\/index.php\/wp-json\/wp\/v2\/types\/post"}],"author":[{"embeddable":true,"href":"https:\/\/www.santacroceweb.com\/index.php\/wp-json\/wp\/v2\/users\/34"}],"replies":[{"embeddable":true,"href":"https:\/\/www.santacroceweb.com\/index.php\/wp-json\/wp\/v2\/comments?post=50778"}],"version-history":[{"count":0,"href":"https:\/\/www.santacroceweb.com\/index.php\/wp-json\/wp\/v2\/posts\/50778\/revisions"}],"wp:featuredmedia":[{"embeddable":true,"href":"https:\/\/www.santacroceweb.com\/index.php\/wp-json\/wp\/v2\/media\/50779"}],"wp:attachment":[{"href":"https:\/\/www.santacroceweb.com\/index.php\/wp-json\/wp\/v2\/media?parent=50778"}],"wp:term":[{"taxonomy":"category","embeddable":true,"href":"https:\/\/www.santacroceweb.com\/index.php\/wp-json\/wp\/v2\/categories?post=50778"},{"taxonomy":"post_tag","embeddable":true,"href":"https:\/\/www.santacroceweb.com\/index.php\/wp-json\/wp\/v2\/tags?post=50778"}],"curies":[{"name":"wp","href":"https:\/\/api.w.org\/{rel}","templated":true}]}}