{"id":51108,"date":"2017-08-18T09:59:10","date_gmt":"2017-08-18T07:59:10","guid":{"rendered":"http:\/\/www.santacroceweb.com\/giornale1\/?p=51108"},"modified":"2017-08-18T09:59:10","modified_gmt":"2017-08-18T07:59:10","slug":"ragusa-nota-del-gruppo-partecipiamo-in-citta-i-branchi-di-randagi-si-moltiplicano","status":"publish","type":"post","link":"https:\/\/www.santacroceweb.com\/index.php\/2017\/08\/18\/ragusa-nota-del-gruppo-partecipiamo-in-citta-i-branchi-di-randagi-si-moltiplicano\/","title":{"rendered":"<font color=red>Ragusa &#8211;<\/font> Nota del gruppo Partecipiamo: &#8220;In citt\u00e0 i branchi di randagi si moltiplicano&#8221;"},"content":{"rendered":"<p style=\"text-align: justify;\">Riceviamo e pubblichiamo la nota del gruppo consiliare di Ragusa &#8220;PARTECIPIAMO&#8221; che fa il punto sulla questione randagismo nel comune capoluogo.<\/p>\n<p style=\"text-align: justify;\">&#8220;Chiediamo scusa se disturbiamo i manovratori ma nella citt\u00e0 \u2018ideale\u2019 dove si approvano, dopo la bocciatura, variazioni di bilancio per oltre 20 milioni di euro, si approvano bilanci in ritardo ed incompleti, si sopprimono servizi, ultra-decennali, a chi ha bisogno accade anche che i branchi di cani randagi si moltiplicano. A settembre 2016, quasi un anno fa, avevamo segnalato in Consiglio Comunale a Ragusa la grave emergenze della presenza di branchi di cani randagi in c.da Brusc\u00e8, stanzialmente presenti ed ululanti. Il consigliere-assessore al ramo, Disca, mentre parlavamo, prendeva appunti! Avevamo provveduto anche ad inviare segnalazione alla Polizia Municipale e ai responsabili comunali che avevano, prontamente, assicurato l\u2019intervento.\u00a0A novembre 2016, dopo la caduta dal motorino di una ragazza, inseguita dai cani, tornammo a segnalare il problema. Anche in quella occasione Il consigliere-assessore al ramo prese appunti ! A fine giugno 2017 abbiamo, in Consiglio Comunale, ri-segnalato la nascita di 14 cuccioletti (ma non avevano fatto la sterilizzazione ?) e a fine luglio 2017 inviato le foto (v.allegati) al consigliere-assessore al ramo che, prendendo appunti, ci ha assicurato il suo intervento e che ci avrebbe dato il suo riscontro!<\/p>\n<p style=\"text-align: justify;\">In questi giorni, ferragostani, abbiamo avuto, ulteriori segnalazioni dei Cittadini perch\u00e9 i branchi, con relativi cuccioli (nel frattempo cresciuti) al seguito, continuano, imperterriti ed ululanti la loro occupazione di interi quartieri. La notte, in una sorta di coazione a ripetere, a catena, \u00e8 un continuum di cani che abbaiano. Di giorno qualcuno ha paura ad uscire per passeggiare, o fare una semplice corsa o portare fuori casa il proprio cane. Non ricordiamo a nostra memoria che in citt\u00e0, interi quartieri, siano stati preda di branchi di cani randagi per cos\u00ec tanto tempo e cos\u00ec liberi di riprodursi. Ovviamente, ci aspettiamo i soliti insulti per il disturbo arrecato alla citt\u00e0 \u2018cantata\u2019 nel blog nazionale e nelle piazze elettorali ma annunciamo che, incuranti, nelle prossime settimane il comitato dei Cittadini si recher\u00e0 davanti alla sede Comunale, in Corso Italia, dove intendiamo portare tanti cani, pi\u00f9 o meno domestici, al fine di replicarne i \u2018canti\u2019 notturni ! Ci aspettiamo che il consigliere-assessore prender\u00e0 appunti!&#8221;.<\/p>\n","protected":false},"excerpt":{"rendered":"<p>Riceviamo e pubblichiamo la nota del gruppo consiliare di Ragusa &#8220;PARTECIPIAMO&#8221; che fa il punto sulla questione randagismo nel comune capoluogo. &#8220;Chiediamo scusa se disturbiamo i manovratori ma nella citt\u00e0 \u2018ideale\u2019 dove si approvano, dopo la bocciatura, variazioni di bilancio per oltre 20 milioni di euro, si approvano bilanci in ritardo ed incompleti, si sopprimono [&hellip;]<\/p>\n","protected":false},"author":34,"featured_media":51109,"comment_status":"open","ping_status":"open","sticky":false,"template":"","format":"standard","meta":{"footnotes":""},"categories":[12],"tags":[],"class_list":["post-51108","post","type-post","status-publish","format-standard","has-post-thumbnail","hentry","category-breaking"],"_links":{"self":[{"href":"https:\/\/www.santacroceweb.com\/index.php\/wp-json\/wp\/v2\/posts\/51108","targetHints":{"allow":["GET"]}}],"collection":[{"href":"https:\/\/www.santacroceweb.com\/index.php\/wp-json\/wp\/v2\/posts"}],"about":[{"href":"https:\/\/www.santacroceweb.com\/index.php\/wp-json\/wp\/v2\/types\/post"}],"author":[{"embeddable":true,"href":"https:\/\/www.santacroceweb.com\/index.php\/wp-json\/wp\/v2\/users\/34"}],"replies":[{"embeddable":true,"href":"https:\/\/www.santacroceweb.com\/index.php\/wp-json\/wp\/v2\/comments?post=51108"}],"version-history":[{"count":0,"href":"https:\/\/www.santacroceweb.com\/index.php\/wp-json\/wp\/v2\/posts\/51108\/revisions"}],"wp:featuredmedia":[{"embeddable":true,"href":"https:\/\/www.santacroceweb.com\/index.php\/wp-json\/wp\/v2\/media\/51109"}],"wp:attachment":[{"href":"https:\/\/www.santacroceweb.com\/index.php\/wp-json\/wp\/v2\/media?parent=51108"}],"wp:term":[{"taxonomy":"category","embeddable":true,"href":"https:\/\/www.santacroceweb.com\/index.php\/wp-json\/wp\/v2\/categories?post=51108"},{"taxonomy":"post_tag","embeddable":true,"href":"https:\/\/www.santacroceweb.com\/index.php\/wp-json\/wp\/v2\/tags?post=51108"}],"curies":[{"name":"wp","href":"https:\/\/api.w.org\/{rel}","templated":true}]}}