{"id":51140,"date":"2017-08-19T11:30:50","date_gmt":"2017-08-19T09:30:50","guid":{"rendered":"http:\/\/www.santacroceweb.com\/giornale1\/?p=51140"},"modified":"2017-08-19T11:37:40","modified_gmt":"2017-08-19T09:37:40","slug":"ultima-serata-con-libri-damare-gaetano-savatteri-presenta-il-suo-libro","status":"publish","type":"post","link":"https:\/\/www.santacroceweb.com\/index.php\/2017\/08\/19\/ultima-serata-con-libri-damare-gaetano-savatteri-presenta-il-suo-libro\/","title":{"rendered":"P.Secca, ultima serata con Libri d&#8217;aMare: tocca al giornalista Gaetano Savatteri"},"content":{"rendered":"<p style=\"text-align: justify;\">Libri d\u2019aMare 2017 \u00e8 arrivata alla serata finale. Quarta e ultima presentazione, sabato 19 agosto quando in Piazza Torre a Punta Secca sar\u00e0 la volta di Gaetano Savatteri. Il noto giornalista dialogher\u00e0 con l\u2019attore Massimo Leggio presentando al pubblico il saggio edito da Laterza, \u201cNon c\u2019\u00e8 pi\u00f9 la Sicilia di una volta\u201d. L\u2019autore prova a fissare un volto inedito e sorprendente della Sicilia e che si distacca fortemente dagli stereotipi classici: \u201cLa Sicilia del cibo e del vino. La Sicilia del sesso. La Sicilia gay. La Sicilia urbana e metropolita. La Sicilia dell\u2019approdo. La Sicilia fantascientifica. La Sicilia che detesta la Sicilia\u201d. Tanti gli spunti che questo libro pone agli spettatori che saranno presenti alla serata conclusiva della rassegna letteraria di Christian Recca, titolare della Cartolibreria Excalibur di Santa Croce Camerina. La giovane rassegna, organizzata grazie a supporto dell\u2019associazione culturale Libera\u2026Mente e che si avvale della direzione editoriale del giornalista Domenico Occhipinti, ha intrattenuto un pubblico numeroso e affezionato in tutte e tre le serate precedenti. Lidia Tilotta e Pietro Bartolo, Alessia Gazzola, Silvana Grasso e adesso Gaetano Savatteri, sono nomi importanti che segnano l\u2019indubbia crescita di una manifestazione giunta alla terza edizione che ha saputo scegliere generi letterari diversi riservando anche uno spazio pomeridiano ai pi\u00f9 piccoli grazie alla casa editrice siracusana VerbaVolant. \u201cLibri d\u2019aMare \u00e8 un piccolo miracolo \u2013 dice il direttore editoriale Domenico Occhipinti \u2013 considerato il fatto che \u00e8 messa in piedi da ragazzi under 35 che sfruttano solo il contributo di alcuni sponsor privati illuminati. Quello che ci ripaga \u00e8 la soddisfazione e l\u2019attenzione di un pubblico che ormai ci conosce cos\u00ec come iniziano a conoscerci gli autori e le case editrici pi\u00f9 prestigiose. Avere la possibilit\u00e0 di sfruttare una location suggestiva come Piazza Torre \u00e8 sicuramente un valore aggiunto ma abbiamo dimostrato, sera dopo sera, che la nostra forza \u00e8 anche nelle storie e negli autori che abbiamo scelto. Per sintetizzare speriamo che la forza dei libri e della letteratura continui ad abitare a Punta Secca\u201d. Libri d\u2019aMare 2017 \u00e8 arrivata alla serata finale. Quarta e ultima presentazione, sabato 19 agosto quando in Piazza Torre a Punta Secca sar\u00e0 la volta di Gaetano Savatteri. Il noto giornalista dialogher\u00e0 con l\u2019attore Massimo Leggio presentando al pubblico il saggio edito da Laterza, \u201cNon c\u2019\u00e8 pi\u00f9 la Sicilia di una volta\u201d. L\u2019autore prova a fissare un volto inedito e sorprendente della Sicilia e che si distacca fortemente dagli stereotipi classici: \u201cLa Sicilia del cibo e del vino. La Sicilia del sesso. La Sicilia gay. La Sicilia urbana e metropolita. La Sicilia dell\u2019approdo. La Sicilia fantascientifica. La Sicilia che detesta la Sicilia\u201d. Tanti gli spunti che questo libro pone agli spettatori che saranno presenti alla serata conclusiva della rassegna letteraria di Christian Recca, titolare della Cartolibreria Excalibur di Santa Croce Camerina.<\/p>\n<p style=\"text-align: justify;\">La giovane rassegna, organizzata grazie a supporto dell\u2019associazione culturale Libera\u2026Mente e che si avvale della direzione editoriale del giornalista Domenico Occhipinti, ha intrattenuto un pubblico numeroso e affezionato in tutte e tre le serate precedenti. Lidia Tilotta e Pietro Bartolo, Alessia Gazzola, Silvana Grasso e adesso Gaetano Savatteri, sono nomi importanti che segnano l\u2019indubbia crescita di una manifestazione giunta alla terza edizione che ha saputo scegliere generi letterari diversi riservando anche uno spazio pomeridiano ai pi\u00f9 piccoli grazie alla casa editrice siracusana VerbaVolant. \u201cLibri d\u2019aMare \u00e8 un piccolo miracolo \u2013 dice il direttore editoriale Domenico Occhipinti \u2013 considerato il fatto che \u00e8 messa in piedi da ragazzi under 35 che sfruttano solo il contributo di alcuni sponsor privati illuminati. Quello che ci ripaga \u00e8 la soddisfazione e l\u2019attenzione di un pubblico che ormai ci conosce cos\u00ec come iniziano a conoscerci gli autori e le case editrici pi\u00f9 prestigiose. Avere la possibilit\u00e0 di sfruttare una location suggestiva come Piazza Torre \u00e8 sicuramente un valore aggiunto ma abbiamo dimostrato, sera dopo sera, che la nostra forza \u00e8 anche nelle storie e negli autori che abbiamo scelto. Per sintetizzare speriamo che la forza dei libri e della letteratura continui ad abitare a Punta Secca\u201d.<\/p>\n<p style=\"text-align: justify;\"><img fetchpriority=\"high\" decoding=\"async\" class=\"alignnone size-full wp-image-51142 lazyload\" src=\"data:image\/gif;base64,R0lGODlhAQABAAAAACH5BAEKAAEALAAAAAABAAEAAAICTAEAOw==\" data-src=\"https:\/\/www.santacroceweb.com\/giornale1\/wp-content\/uploads\/2017\/08\/libro-savatteri.jpg\" alt=\"\" width=\"1000\" height=\"1510\" data-sizes=\"auto\" data-srcset=\"https:\/\/www.santacroceweb.com\/giornale1\/wp-content\/uploads\/2017\/08\/libro-savatteri.jpg 1000w, https:\/\/www.santacroceweb.com\/giornale1\/wp-content\/uploads\/2017\/08\/libro-savatteri-199x300.jpg 199w, https:\/\/www.santacroceweb.com\/giornale1\/wp-content\/uploads\/2017\/08\/libro-savatteri-768x1160.jpg 768w, https:\/\/www.santacroceweb.com\/giornale1\/wp-content\/uploads\/2017\/08\/libro-savatteri-678x1024.jpg 678w\" sizes=\"(max-width: 1000px) 100vw, 1000px\" \/><\/p>\n","protected":false},"excerpt":{"rendered":"<p>Libri d\u2019aMare 2017 \u00e8 arrivata alla serata finale. Quarta e ultima presentazione, sabato 19 agosto quando in Piazza Torre a Punta Secca sar\u00e0 la volta di Gaetano Savatteri. Il noto giornalista dialogher\u00e0 con l\u2019attore Massimo Leggio presentando al pubblico il saggio edito da Laterza, \u201cNon c\u2019\u00e8 pi\u00f9 la Sicilia di una volta\u201d. L\u2019autore prova a [&hellip;]<\/p>\n","protected":false},"author":34,"featured_media":51141,"comment_status":"open","ping_status":"open","sticky":false,"template":"","format":"standard","meta":{"footnotes":""},"categories":[6],"tags":[],"class_list":["post-51140","post","type-post","status-publish","format-standard","has-post-thumbnail","hentry","category-culturaespettacolo"],"_links":{"self":[{"href":"https:\/\/www.santacroceweb.com\/index.php\/wp-json\/wp\/v2\/posts\/51140","targetHints":{"allow":["GET"]}}],"collection":[{"href":"https:\/\/www.santacroceweb.com\/index.php\/wp-json\/wp\/v2\/posts"}],"about":[{"href":"https:\/\/www.santacroceweb.com\/index.php\/wp-json\/wp\/v2\/types\/post"}],"author":[{"embeddable":true,"href":"https:\/\/www.santacroceweb.com\/index.php\/wp-json\/wp\/v2\/users\/34"}],"replies":[{"embeddable":true,"href":"https:\/\/www.santacroceweb.com\/index.php\/wp-json\/wp\/v2\/comments?post=51140"}],"version-history":[{"count":0,"href":"https:\/\/www.santacroceweb.com\/index.php\/wp-json\/wp\/v2\/posts\/51140\/revisions"}],"wp:featuredmedia":[{"embeddable":true,"href":"https:\/\/www.santacroceweb.com\/index.php\/wp-json\/wp\/v2\/media\/51141"}],"wp:attachment":[{"href":"https:\/\/www.santacroceweb.com\/index.php\/wp-json\/wp\/v2\/media?parent=51140"}],"wp:term":[{"taxonomy":"category","embeddable":true,"href":"https:\/\/www.santacroceweb.com\/index.php\/wp-json\/wp\/v2\/categories?post=51140"},{"taxonomy":"post_tag","embeddable":true,"href":"https:\/\/www.santacroceweb.com\/index.php\/wp-json\/wp\/v2\/tags?post=51140"}],"curies":[{"name":"wp","href":"https:\/\/api.w.org\/{rel}","templated":true}]}}