{"id":51245,"date":"2017-08-25T16:02:57","date_gmt":"2017-08-25T14:02:57","guid":{"rendered":"http:\/\/www.santacroceweb.com\/giornale1\/?p=51245"},"modified":"2017-08-25T16:08:06","modified_gmt":"2017-08-25T14:08:06","slug":"joseph-micieli-scelto-da-elecrolux-sara-al-cous-cous-fest-di-san-vito-lo-capo","status":"publish","type":"post","link":"https:\/\/www.santacroceweb.com\/index.php\/2017\/08\/25\/joseph-micieli-scelto-da-elecrolux-sara-al-cous-cous-fest-di-san-vito-lo-capo\/","title":{"rendered":"Joseph Micieli scelto da Electrolux: sar\u00e0 al &#8220;Cous Cous Fest&#8221; di San Vito lo Capo"},"content":{"rendered":"<p style=\"text-align: justify;\">Si parler\u00e0 e manger\u00e0 anche \u2018ragusano\u2019 nella competizione di cucina intitolata \u2018Metti una gara a cena\u2019, promossa dalla rinomata azienda Electrolux, nell\u2019ambito del Cous Cous Fest in programma a San Vito Lo Capo, nella sua XX edizione, dal 15 al 24 settembre. Cinque agenzie di Electrolux siciliane hanno indicato, rispettivamente, il proprio chef a rappresentarle, con l\u2019obiettivo di portare a casa, nella serata di sabato 23 settembre, il titolo di Chef Under 30 Electrolux. La provincia di Ragusa sar\u00e0 rappresentata da Joseph Micieli, ancora neanche trentenne che ha gi\u00e0 all\u2019attivo, a Punta Secca, tre locali, due dei quali aperti appena quest\u2019estate: Scjabica \u2013 Cuoco Pescatore e Scjampagne \u2013 L\u2019aperitivo dello chef, che si affiancano al tradizionale Cucina Costiera by Scjabica. Insomma un giovane cuoco, solo dal punto di vista anagrafico, considerate anche le presenze televisive e le competizioni gastronomiche a cui ha partecipato portando a casa un bel po\u2019 di riconoscimenti, oltre a far parlare tanto in giro di Punta Secca, il borgo marinaro che ha tanto ispirato e un pizzico contaminato le sue scelte di vita, di lavoro e di gusto.<\/p>\n<p style=\"text-align: justify;\">Joseph si esibir\u00e0 mercoled\u00ec 20 settembre e porter\u00e0 a San Vito Lo Capo, all\u2019interno della competizione gastronomica promossa dall\u2019azienda Electrolux, un Cous Cous con cozze, limone candito e l\u2019immancabile Ragusano Dop, accostamenti che portano sul piatto il profondo legame che il giovane chef di Santa Croce vive quotidianamente, tra terra e mare. \u201cEssere presente al Cous Cous Fest di San Vito Lo Capo, luogo di incontro di culture, di tradizioni e di buona tavola siciliana \u2013 ha commentato Joseph \u2013 \u00e8 un gran privilegio, soprattutto se a indicarti \u00e8 un\u2019azienda prestigiosa come Electrolux. Le competizioni riescono sempre a stuzzicare il piacere di creare, innovare, portare sapori e consistenze inediti, con l\u2019intento non tanto di vincere, ma soprattutto stupire. In ogni caso essere insieme ad altri colleghi \u00e8 un grandissimo piacere, dunque emerger\u00e0 soprattutto la voglia di far ulteriormente conoscere e apprezzare la nostra cucina siciliana, isolana per scelta e tradizione, da qualunque parte dell\u2019Isola si giunga. Un criterio \u2013 ha proseguito Joseph \u2013 che ho voluto adottare ogni giorno all\u2019interno delle mie attivit\u00e0, proprio per dare una caratterizzazione sincera, di quello che per me rappresenta la cucina. Ho voluto scommettere con tre realt\u00e0 proprio a Punta Secca per contribuire a valorizzare questo borgo marinaro. Oggi \u00e8 un\u2019isola nell\u2019isola, uno spazio compreso tra terra e mare dove quotidianamente si vedono transitare turisti che hanno ben chiara l\u2019idea di cosa voglia dire cucina siciliana e cucina di qualit\u00e0. Parlare con loro, riuscire a stupirli con materie prime eccezionali che giungono dai nostri pescatori, oltre che essere un piacere umano e personale, \u00e8 un modo concreto per contribuire all\u2019idea di incoming che si deve avere in un territorio.<\/p>\n<p style=\"text-align: justify;\">Io credo profondamente in questa terra e soprattutto nelle potenzialit\u00e0 di questa porzione di terra, proprio per questo mi sono messo in gioco, presentando anche al Cous Cous la nostra storia e quello che ci piace fare. Diciamo dunque \u2013 conclude Joseph Micieli \u2013 che sar\u00e0 un piacere portare un po\u2019 di ibleo e di santacrocese a San Vito Lo Capo, luogo dove le culture si integrano e si fortificano\u201d.<\/p>\n","protected":false},"excerpt":{"rendered":"<p>Si parler\u00e0 e manger\u00e0 anche \u2018ragusano\u2019 nella competizione di cucina intitolata \u2018Metti una gara a cena\u2019, promossa dalla rinomata azienda Electrolux, nell\u2019ambito del Cous Cous Fest in programma a San Vito Lo Capo, nella sua XX edizione, dal 15 al 24 settembre. Cinque agenzie di Electrolux siciliane hanno indicato, rispettivamente, il proprio chef a rappresentarle, [&hellip;]<\/p>\n","protected":false},"author":34,"featured_media":51246,"comment_status":"open","ping_status":"open","sticky":false,"template":"","format":"standard","meta":{"footnotes":""},"categories":[8],"tags":[],"class_list":["post-51245","post","type-post","status-publish","format-standard","has-post-thumbnail","hentry","category-attualita"],"_links":{"self":[{"href":"https:\/\/www.santacroceweb.com\/index.php\/wp-json\/wp\/v2\/posts\/51245","targetHints":{"allow":["GET"]}}],"collection":[{"href":"https:\/\/www.santacroceweb.com\/index.php\/wp-json\/wp\/v2\/posts"}],"about":[{"href":"https:\/\/www.santacroceweb.com\/index.php\/wp-json\/wp\/v2\/types\/post"}],"author":[{"embeddable":true,"href":"https:\/\/www.santacroceweb.com\/index.php\/wp-json\/wp\/v2\/users\/34"}],"replies":[{"embeddable":true,"href":"https:\/\/www.santacroceweb.com\/index.php\/wp-json\/wp\/v2\/comments?post=51245"}],"version-history":[{"count":0,"href":"https:\/\/www.santacroceweb.com\/index.php\/wp-json\/wp\/v2\/posts\/51245\/revisions"}],"wp:featuredmedia":[{"embeddable":true,"href":"https:\/\/www.santacroceweb.com\/index.php\/wp-json\/wp\/v2\/media\/51246"}],"wp:attachment":[{"href":"https:\/\/www.santacroceweb.com\/index.php\/wp-json\/wp\/v2\/media?parent=51245"}],"wp:term":[{"taxonomy":"category","embeddable":true,"href":"https:\/\/www.santacroceweb.com\/index.php\/wp-json\/wp\/v2\/categories?post=51245"},{"taxonomy":"post_tag","embeddable":true,"href":"https:\/\/www.santacroceweb.com\/index.php\/wp-json\/wp\/v2\/tags?post=51245"}],"curies":[{"name":"wp","href":"https:\/\/api.w.org\/{rel}","templated":true}]}}