{"id":51356,"date":"2017-08-31T09:20:58","date_gmt":"2017-08-31T07:20:58","guid":{"rendered":"http:\/\/www.santacroceweb.com\/giornale1\/?p=51356"},"modified":"2017-08-31T09:20:58","modified_gmt":"2017-08-31T07:20:58","slug":"venerdi-termina-la-stagione-al-parco-di-kaukana-ce-emoticon-e-toc-show","status":"publish","type":"post","link":"https:\/\/www.santacroceweb.com\/index.php\/2017\/08\/31\/venerdi-termina-la-stagione-al-parco-di-kaukana-ce-emoticon-e-toc-show\/","title":{"rendered":"Venerd\u00ec termina la stagione al Parco di Kaukana: c&#8217;\u00e8 &#8220;Emoticon e Toc Show&#8221;"},"content":{"rendered":"<p style=\"text-align: justify;\">Si concluder\u00e0 venerd\u00ec 1 settembre con il musical \u201cEmoticon &amp; Toc Show\u201d della \u201cCompagnia Piccola Masd\u201d la rassegna Kaukana Estate 2017 organizzata dal Comitato Kaukana Zona Archeologica e che ha avuto come palcoscenici d\u2019eccezione il Lungomare delle Anticaglie e il Parco Archeologico di Kaukana. Il musical vedr\u00e0 impegnati circa 30 bambini e ragazzi della compagnia diretta da Peppe Arezzo, curatore anche delle musiche; i testi del musical sono di Michele Arezzi, la coreografia \u00e8 curata da Emanuela Curcio, mentre la recitazione \u00e8 diretta da Fabio Guastella. La rassegna Kaukana Estate 2017 si \u00e8 sviluppata con 32 appuntamenti dal 16 luglio al 1\u00b0 settembre che hanno riguardato Teatro, Musica, Danza, Cinema, Conferenze, eventi enogastronomici, che hanno coinvolto complessivamente oltre 3.000 partecipanti, portando alla ribalta un sito per tropo tempo abbandonato che, quest\u2019anno, \u00e8 diventato un punto di riferimento per l\u2019offerta culturale del litorale ibleo.<\/p>\n<p style=\"text-align: justify;\">Particolarmente apprezzate dal pubblico sono state le serate pensate specificatamente per le famiglie e per i bambini come il Teatro dei Pupi della Famiglia Puglisi di Solarino e le Fiabe Antiche della compagnia \u201cLa Rosa di Gerico\u201d di Caltagirone. La serata di venerd\u00ec sar\u00e0 anche l\u2019occasione per festeggiare l\u2019assegnazione alla spiaggia di Caucana, anche per quest\u2019anno, della Bandiera Verde dell\u2019Associazione Pediatri Italiani. Il prestigioso riconoscimento deve fungere da spunto di riflessione sulle potenzialit\u00e0 offerte dal turismo familiare che, in Italia, costituisce una fetta importante del fatturato derivante dal turismo, ma che \u2013 nella nostra zona -. appare ancora non pienamente sfruttato. \u201cAbbiamo voluto chiudere la stagione2017 \u2013 hanno dichiarato i componenti del Direttivo del Comitato Kaukana Zona Archeologica \u2013 con uno spettacolo fatto da bambini e rivolto ai bambini; a loro infatti vogliamo consegnare la nostra idea di promozione del territorio e di valorizzazione di un bene pubblico. Auspichiamo che, di ritorno sui banchi di scuola, la serata di venerd\u00ec possa essere raccontata ai compagni e alle insegnanti come una delle belle esperienze dell\u2019estate 2017 cosicch\u00e9 il sito di Kaukana possa entrare nella programmazione delle visite di istruzione delle scolaresche\u201d.<\/p>\n<p style=\"text-align: justify;\">\u201cCome abbiamo detto al sindaco Giovanni Barone a margine del partecipatissimo concerto di Peppe Arezzo e di Carlo Muratori \u2013 ha aggiunto il Presidente del Comitato Antonio Distefano \u2013 la rassegna estiva che abbiamo organizzato all\u2019interno del parco vuole essere non il fine del nostro Comitato, ma il mezzo per raggiungere gli importanti obiettivi che ci siamo prefissi. Fra questi mettiamo al primo punto la pedonalizzazione del Lungomare delle Anticaglie e il collegamento ciclo pedonale fra Caucana e Punta Secca\u201d. Il Parco Archeologico di Kaukana, aperto dal 25 marzo tutte le domeniche e i festivi e dal 1\u00b0 luglio tutti i giorni con le visite guidate dai ragazzi del Liceo Classico di Ragusa e del Liceo Classico di Comiso, per tutto il mese di settembre continuer\u00e0 ad essere visitabile tutte le domeniche dalle ore 10,00 alle ore 12,30 e dalle ore 16,30 alle ore 19,00. Negli altri periodi il sito \u00e8 fruibile previo appuntamento a mezzo e-mail all\u2019indirizzo -&gt; comitato.kaukana@gmail.com. L\u2019ingresso \u00e8 gratuito.<\/p>\n","protected":false},"excerpt":{"rendered":"<p>Si concluder\u00e0 venerd\u00ec 1 settembre con il musical \u201cEmoticon &amp; Toc Show\u201d della \u201cCompagnia Piccola Masd\u201d la rassegna Kaukana Estate 2017 organizzata dal Comitato Kaukana Zona Archeologica e che ha avuto come palcoscenici d\u2019eccezione il Lungomare delle Anticaglie e il Parco Archeologico di Kaukana. Il musical vedr\u00e0 impegnati circa 30 bambini e ragazzi della compagnia [&hellip;]<\/p>\n","protected":false},"author":34,"featured_media":51357,"comment_status":"open","ping_status":"open","sticky":false,"template":"","format":"standard","meta":{"footnotes":""},"categories":[6],"tags":[],"class_list":["post-51356","post","type-post","status-publish","format-standard","has-post-thumbnail","hentry","category-culturaespettacolo"],"_links":{"self":[{"href":"https:\/\/www.santacroceweb.com\/index.php\/wp-json\/wp\/v2\/posts\/51356","targetHints":{"allow":["GET"]}}],"collection":[{"href":"https:\/\/www.santacroceweb.com\/index.php\/wp-json\/wp\/v2\/posts"}],"about":[{"href":"https:\/\/www.santacroceweb.com\/index.php\/wp-json\/wp\/v2\/types\/post"}],"author":[{"embeddable":true,"href":"https:\/\/www.santacroceweb.com\/index.php\/wp-json\/wp\/v2\/users\/34"}],"replies":[{"embeddable":true,"href":"https:\/\/www.santacroceweb.com\/index.php\/wp-json\/wp\/v2\/comments?post=51356"}],"version-history":[{"count":0,"href":"https:\/\/www.santacroceweb.com\/index.php\/wp-json\/wp\/v2\/posts\/51356\/revisions"}],"wp:featuredmedia":[{"embeddable":true,"href":"https:\/\/www.santacroceweb.com\/index.php\/wp-json\/wp\/v2\/media\/51357"}],"wp:attachment":[{"href":"https:\/\/www.santacroceweb.com\/index.php\/wp-json\/wp\/v2\/media?parent=51356"}],"wp:term":[{"taxonomy":"category","embeddable":true,"href":"https:\/\/www.santacroceweb.com\/index.php\/wp-json\/wp\/v2\/categories?post=51356"},{"taxonomy":"post_tag","embeddable":true,"href":"https:\/\/www.santacroceweb.com\/index.php\/wp-json\/wp\/v2\/tags?post=51356"}],"curies":[{"name":"wp","href":"https:\/\/api.w.org\/{rel}","templated":true}]}}