{"id":51404,"date":"2017-09-02T10:10:54","date_gmt":"2017-09-02T08:10:54","guid":{"rendered":"http:\/\/www.santacroceweb.com\/giornale1\/?p=51404"},"modified":"2017-09-02T10:10:54","modified_gmt":"2017-09-02T08:10:54","slug":"calcio-il-nuovo-santa-croce-al-debutto-in-casa-ritorno-di-coppa-col-frigintini","status":"publish","type":"post","link":"https:\/\/www.santacroceweb.com\/index.php\/2017\/09\/02\/calcio-il-nuovo-santa-croce-al-debutto-in-casa-ritorno-di-coppa-col-frigintini\/","title":{"rendered":"Calcio, il nuovo Santa Croce al debutto in casa: ritorno di coppa col Frigintini"},"content":{"rendered":"<p style=\"text-align: justify;\">La gara di ritorno di Coppa Italia che si disputer\u00e0 domenica pomeriggio allo stadio \u201cJ.F. Kennedy\u201d di Santa Croce Camerina, decider\u00e0 chi fra Santa Croce e Frigintini acceder\u00e0 al secondo turno del \u201cMemorial Orazio Siino\u201d. La scoppiettante gara d\u2019andata, finita 3-3, nonostante dia un vantaggio consistente ai padroni di casa, lascia un buon margine di probabilit\u00e0 ai rossoblu modicani che di sicuro non lo vorranno vanificare. Dalla sponda opposta il Santa Croce di mister Gaetano Lucenti cerca conferme, sul piano gioco, cercando di migliorare allo stesso tempo la tenuta atletica e i minuti di rendimento in partita. Lucenti, inoltre, recupera il suo \u201cariete\u201d d\u2019attacco Liborio Scudera, mentre per motivi personali sar\u00e0 assente capitan Andrea Alma. Il tecnico biancazzurro avr\u00e0 modo di provare nuovi moduli e, soprattutto, potr\u00e0 verificare l\u2019affiatamento del reparto offensivo fra Scudera e Leone che nella gara d\u2019andata ha marcato la sua prima doppietta in maglia biancazzurra. \u201cQuesta \u00e8 stata una settimana di lavoro intenso per la mia squadra. \u2013 dice mister Gaetano Lucenti \u2013 Oltre alla solita parte atletica, infatti, con i ragazzi abbiamo disaminato le gara di domenica scorsa, analizzando tutte quelle situazioni di gioco che ci hanno messo in difficolt\u00e0. Abbiamo l\u2019intenzione di ripartire dall\u2019ottimo secondo tempo di domenica scorsa e cercheremo di essere pi\u00f9 attenti e concentrati nella fase di non possesso palla. Domenica, inoltre, ci presenteremo per la prima volta in stagione davanti ai nostri sostenitori e di certo i ragazzi avranno voglia di fare bella figura\u201d. La gara si giocher\u00e0 a porte aperte e avr\u00e0 inizio alle ore 16.00, arbitro della gara sar\u00e0 il signor Vincenzo Vacca della sezione di Caltanissetta che sar\u00e0 collaborato dai signori Falzone e Lombardo sempre della sezione nissena.<\/p>\n","protected":false},"excerpt":{"rendered":"<p>La gara di ritorno di Coppa Italia che si disputer\u00e0 domenica pomeriggio allo stadio \u201cJ.F. Kennedy\u201d di Santa Croce Camerina, decider\u00e0 chi fra Santa Croce e Frigintini acceder\u00e0 al secondo turno del \u201cMemorial Orazio Siino\u201d. La scoppiettante gara d\u2019andata, finita 3-3, nonostante dia un vantaggio consistente ai padroni di casa, lascia un buon margine di [&hellip;]<\/p>\n","protected":false},"author":34,"featured_media":42869,"comment_status":"open","ping_status":"open","sticky":false,"template":"","format":"standard","meta":{"footnotes":""},"categories":[3],"tags":[],"class_list":["post-51404","post","type-post","status-publish","format-standard","has-post-thumbnail","hentry","category-sport"],"_links":{"self":[{"href":"https:\/\/www.santacroceweb.com\/index.php\/wp-json\/wp\/v2\/posts\/51404","targetHints":{"allow":["GET"]}}],"collection":[{"href":"https:\/\/www.santacroceweb.com\/index.php\/wp-json\/wp\/v2\/posts"}],"about":[{"href":"https:\/\/www.santacroceweb.com\/index.php\/wp-json\/wp\/v2\/types\/post"}],"author":[{"embeddable":true,"href":"https:\/\/www.santacroceweb.com\/index.php\/wp-json\/wp\/v2\/users\/34"}],"replies":[{"embeddable":true,"href":"https:\/\/www.santacroceweb.com\/index.php\/wp-json\/wp\/v2\/comments?post=51404"}],"version-history":[{"count":0,"href":"https:\/\/www.santacroceweb.com\/index.php\/wp-json\/wp\/v2\/posts\/51404\/revisions"}],"wp:featuredmedia":[{"embeddable":true,"href":"https:\/\/www.santacroceweb.com\/index.php\/wp-json\/wp\/v2\/media\/42869"}],"wp:attachment":[{"href":"https:\/\/www.santacroceweb.com\/index.php\/wp-json\/wp\/v2\/media?parent=51404"}],"wp:term":[{"taxonomy":"category","embeddable":true,"href":"https:\/\/www.santacroceweb.com\/index.php\/wp-json\/wp\/v2\/categories?post=51404"},{"taxonomy":"post_tag","embeddable":true,"href":"https:\/\/www.santacroceweb.com\/index.php\/wp-json\/wp\/v2\/tags?post=51404"}],"curies":[{"name":"wp","href":"https:\/\/api.w.org\/{rel}","templated":true}]}}