{"id":51940,"date":"2017-09-24T14:25:02","date_gmt":"2017-09-24T12:25:02","guid":{"rendered":"http:\/\/www.santacroceweb.com\/giornale1\/?p=51940"},"modified":"2017-09-24T14:25:02","modified_gmt":"2017-09-24T12:25:02","slug":"pedalavis-si-arrende-al-maltempo-ciclolonga-rinviata-a-data-da-destinarsi","status":"publish","type":"post","link":"https:\/\/www.santacroceweb.com\/index.php\/2017\/09\/24\/pedalavis-si-arrende-al-maltempo-ciclolonga-rinviata-a-data-da-destinarsi\/","title":{"rendered":"&#8220;Pedalavis&#8221; si arrende al maltempo: ciclolonga rinviata a data da destinarsi"},"content":{"rendered":"<p style=\"text-align: justify;\">Questa mattina puntuali i partecipanti si sono presentati, armati delle loro biciclette, al Piazzale della Solidariet\u00e0 per partecipare all&#8217;annuale passeggiata in bicicletta organizzata dall&#8217;AVIS comunale. Purtroppo il tempo non \u00e8 stato clemente e la pioggia, sempre pi\u00f9 forte gi\u00e0 nel giro di poco tempo, ha convinto gli organizzatori a rinviare l&#8217;iniziativa.<\/p>\n<p style=\"text-align: justify;\">La data non \u00e8 stata ancora fissata e dipender\u00e0 sempre dalle condizioni meteo. Il presidente, Guglielmo Pagano, invita i partecipanti a non mancare e ricorda che c&#8217;\u00e8 ancora spazio per coloro che vogliano partecipare facendosi portavoce del messaggio di solidariet\u00e0 e donazione che porta avanti l&#8217;AVIS. Quest&#8217;anno Pedalavis ha il sostegno di alcuni sponsor: Basile Salvatore, ricambi e accessori per auto, moto e bici; Despar Carratello, presente a Santa Croce e Marina di Ragusa. Abbiamo incontrato Claudio Carratello e la moglie Simona: \u201cSiamo felici di sostenere questa storica iniziativa. Crediamo nel principio portato avanti dall&#8217;AVIS, quello di coinvolgere i ragazzi affinch\u00e9 siano loro stessi a comunicare alle famiglie che la donazione del sangue \u00e8 fondamentale per salvare delle vite\u201d. La sede AVIS ha comunque aperto le porte per accogliere i ragazzi e ha offerto loro la colazione preparata dalla Piccola Oasi di Punta Secca. Santa Croce Web e AVIS comunicheranno presto la data dell&#8217;evento.<\/p>\n","protected":false},"excerpt":{"rendered":"<p>Questa mattina puntuali i partecipanti si sono presentati, armati delle loro biciclette, al Piazzale della Solidariet\u00e0 per partecipare all&#8217;annuale passeggiata in bicicletta organizzata dall&#8217;AVIS comunale. Purtroppo il tempo non \u00e8 stato clemente e la pioggia, sempre pi\u00f9 forte gi\u00e0 nel giro di poco tempo, ha convinto gli organizzatori a rinviare l&#8217;iniziativa. La data non \u00e8 [&hellip;]<\/p>\n","protected":false},"author":31,"featured_media":42935,"comment_status":"open","ping_status":"open","sticky":false,"template":"","format":"standard","meta":{"footnotes":""},"categories":[8],"tags":[],"class_list":["post-51940","post","type-post","status-publish","format-standard","has-post-thumbnail","hentry","category-attualita"],"_links":{"self":[{"href":"https:\/\/www.santacroceweb.com\/index.php\/wp-json\/wp\/v2\/posts\/51940","targetHints":{"allow":["GET"]}}],"collection":[{"href":"https:\/\/www.santacroceweb.com\/index.php\/wp-json\/wp\/v2\/posts"}],"about":[{"href":"https:\/\/www.santacroceweb.com\/index.php\/wp-json\/wp\/v2\/types\/post"}],"author":[{"embeddable":true,"href":"https:\/\/www.santacroceweb.com\/index.php\/wp-json\/wp\/v2\/users\/31"}],"replies":[{"embeddable":true,"href":"https:\/\/www.santacroceweb.com\/index.php\/wp-json\/wp\/v2\/comments?post=51940"}],"version-history":[{"count":0,"href":"https:\/\/www.santacroceweb.com\/index.php\/wp-json\/wp\/v2\/posts\/51940\/revisions"}],"wp:featuredmedia":[{"embeddable":true,"href":"https:\/\/www.santacroceweb.com\/index.php\/wp-json\/wp\/v2\/media\/42935"}],"wp:attachment":[{"href":"https:\/\/www.santacroceweb.com\/index.php\/wp-json\/wp\/v2\/media?parent=51940"}],"wp:term":[{"taxonomy":"category","embeddable":true,"href":"https:\/\/www.santacroceweb.com\/index.php\/wp-json\/wp\/v2\/categories?post=51940"},{"taxonomy":"post_tag","embeddable":true,"href":"https:\/\/www.santacroceweb.com\/index.php\/wp-json\/wp\/v2\/tags?post=51940"}],"curies":[{"name":"wp","href":"https:\/\/api.w.org\/{rel}","templated":true}]}}