{"id":51944,"date":"2017-09-24T20:13:42","date_gmt":"2017-09-24T18:13:42","guid":{"rendered":"http:\/\/www.santacroceweb.com\/giornale1\/?p=51944"},"modified":"2017-09-24T20:13:42","modified_gmt":"2017-09-24T18:13:42","slug":"cous-cous-festival-joseph-micieli-vince-il-titolo-di-chef-electrolux-italia-u-30","status":"publish","type":"post","link":"https:\/\/www.santacroceweb.com\/index.php\/2017\/09\/24\/cous-cous-festival-joseph-micieli-vince-il-titolo-di-chef-electrolux-italia-u-30\/","title":{"rendered":"Cous Cous Festival: Joseph Micieli vince il titolo di Chef Electrolux Italia U-30"},"content":{"rendered":"<p style=\"text-align: justify;\">Con il punteggio di 9,41 lo chef Joseph Micieli si \u00e8 portato a casa la vittoria della gara Chef Elettrolux Italia dedicata agli under 30 &#8220;Metti una gara a cena&#8221; nell&#8217;ambito della ventesima edizione del Cous Cous Festival che si \u00e8 svolto a San Vito Lo Capo. La proclamazione \u00e8 avvenuta sabato sera nel corso della cerimonia a cui erano presenti i vertici dell&#8217;azienda Electrolux e tantissimi addetti ai lavori e importanti chef tra cui Joe Bastianich ed Andy Luotto. Proprio Luotto ha seguito da vicino nella giornata di mercoled\u00ec l&#8217;esibizione di Joseph. Lo chef di Santa Croce ha presentato con Cous Cous con cozze, limone candito e salsa di Ragusano. A quanto pare un piatto che ha letteralmente sbaragliato e convinto la giuria formata da specializzati nel settore food.<\/p>\n<p style=\"text-align: justify;\">&#8220;Avevo promesso che al Cous Cous Festival si sarebbe parlato Ragusano e cos\u00ec \u00e8 stato. &#8211; ha esordito Joseph Micieli &#8211; \u00c8 stata una bella gara e un modo molto accattivante di misurarsi con colleghi e amici. Il Cous Cous che ho proposto racchiude essenzialmente la mia identit\u00e0 di chef legata al mare e alla terra, all&#8217;incontro che genera passione e gusto. L&#8217;ho voluto rendere ancora pi\u00f9 siciliano inserendo il limone candido e la salsa di Ragusano, per sfatare il principio che il formaggio non va sul pesce. La cucina \u00e8 tecnica e voglia di osare, un balance tra questi due aspetti \u00e8 per me vita. Ringrazio di cuore chi mi ha scelto per partecipare alla gara e chi ha impiegato il proprio tempo per entrare dentro il mio piatto e andare a scandagliare tutte le sfumature di gusto e di sapori che vi erano all&#8217;interno. Grato ad Electrolux rappresentata dal vertice Rita Montanari, grato all&#8217;organizzazione della competizione, grato a tutti i colleghi e amici e adesso torno a Ragusa con una esperienza importante in pi\u00f9&#8221;. Non \u00e8 escluso che il Cous Cous proposto a San Vito Lo Capo entri di diritto nel men\u00f9 di Scjabica Cuoco Pescatore. Al momento \u00e8 un piatto inedito che a quanto pare ha riscosso 9,41 successo.<\/p>\n","protected":false},"excerpt":{"rendered":"<p>Con il punteggio di 9,41 lo chef Joseph Micieli si \u00e8 portato a casa la vittoria della gara Chef Elettrolux Italia dedicata agli under 30 &#8220;Metti una gara a cena&#8221; nell&#8217;ambito della ventesima edizione del Cous Cous Festival che si \u00e8 svolto a San Vito Lo Capo. La proclamazione \u00e8 avvenuta sabato sera nel corso [&hellip;]<\/p>\n","protected":false},"author":34,"featured_media":51945,"comment_status":"open","ping_status":"open","sticky":false,"template":"","format":"standard","meta":{"footnotes":""},"categories":[8],"tags":[],"class_list":["post-51944","post","type-post","status-publish","format-standard","has-post-thumbnail","hentry","category-attualita"],"_links":{"self":[{"href":"https:\/\/www.santacroceweb.com\/index.php\/wp-json\/wp\/v2\/posts\/51944","targetHints":{"allow":["GET"]}}],"collection":[{"href":"https:\/\/www.santacroceweb.com\/index.php\/wp-json\/wp\/v2\/posts"}],"about":[{"href":"https:\/\/www.santacroceweb.com\/index.php\/wp-json\/wp\/v2\/types\/post"}],"author":[{"embeddable":true,"href":"https:\/\/www.santacroceweb.com\/index.php\/wp-json\/wp\/v2\/users\/34"}],"replies":[{"embeddable":true,"href":"https:\/\/www.santacroceweb.com\/index.php\/wp-json\/wp\/v2\/comments?post=51944"}],"version-history":[{"count":0,"href":"https:\/\/www.santacroceweb.com\/index.php\/wp-json\/wp\/v2\/posts\/51944\/revisions"}],"wp:featuredmedia":[{"embeddable":true,"href":"https:\/\/www.santacroceweb.com\/index.php\/wp-json\/wp\/v2\/media\/51945"}],"wp:attachment":[{"href":"https:\/\/www.santacroceweb.com\/index.php\/wp-json\/wp\/v2\/media?parent=51944"}],"wp:term":[{"taxonomy":"category","embeddable":true,"href":"https:\/\/www.santacroceweb.com\/index.php\/wp-json\/wp\/v2\/categories?post=51944"},{"taxonomy":"post_tag","embeddable":true,"href":"https:\/\/www.santacroceweb.com\/index.php\/wp-json\/wp\/v2\/tags?post=51944"}],"curies":[{"name":"wp","href":"https:\/\/api.w.org\/{rel}","templated":true}]}}