{"id":52340,"date":"2017-10-09T16:45:44","date_gmt":"2017-10-09T14:45:44","guid":{"rendered":"http:\/\/www.santacroceweb.com\/giornale1\/?p=52340"},"modified":"2017-10-09T16:46:28","modified_gmt":"2017-10-09T14:46:28","slug":"oltre-100-partecipanti-per-la-ciclolonga-della-solidarieta-foto-e-video","status":"publish","type":"post","link":"https:\/\/www.santacroceweb.com\/index.php\/2017\/10\/09\/oltre-100-partecipanti-per-la-ciclolonga-della-solidarieta-foto-e-video\/","title":{"rendered":"Oltre 100 partecipanti per la ciclolonga della solidariet\u00e0: video e fotogallery"},"content":{"rendered":"<p style=\"text-align: justify;\">Una domenica di ottobre all&#8217;insegna della solidariet\u00e0. Si \u00e8 infatti svolta ieri mattina la storica manifestazione AVIS, che ha visto partecipanti di tutte le et\u00e0 inforcare la bici e farsi messaggeri di solidariet\u00e0. La ciclolonga della Solidariet\u00e0 ormai da oltre 30 anni rappresenta infatti un grande veicolo di sensibilizzazione alla donazione del sangue. Oltre cento i partecipanti che da piazzale della Solidariet\u00e0 si sono mossi, scortati da Protezione Civile, Polizia Municipale e Carabinieri. Al loro fianco anche il Vespa Club e l\u2019AVS oltre agli sponsor Carratello e Basile. Presenti anche il sindaco Barone, il presidente del Consiglio comunale Mandar\u00e0 e alcuni consiglieri comunali perch\u00e9, come ci ha detto il primo cittadino, questa amministrazione ha a cuore l\u2019Avis che tanto si spende per il bene comune e soprattutto nell&#8217;interesse degli abitanti di Santa Croce. Santa Croce Web \u00e8 andata a dare uno sguardo e ad incontrare i presenti, tutto nel nostro video.<\/p>\n<p><iframe src=\"https:\/\/www.youtube.com\/embed\/O43EvSHy4kw\" width=\"560\" height=\"315\" frameborder=\"0\" allowfullscreen=\"allowfullscreen\"><\/iframe><\/p>\n<div id='gallery-1' class='gallery galleryid-52340 gallery-columns-3 gallery-size-thumbnail'><figure class='gallery-item'>\n\t\t\t<div class='gallery-icon landscape'>\n\t\t\t\t<a href='https:\/\/www.santacroceweb.com\/index.php\/2017\/10\/09\/oltre-100-partecipanti-per-la-ciclolonga-della-solidarieta-foto-e-video\/_dsc0001-3\/'><img decoding=\"async\" width=\"150\" height=\"150\" src=\"https:\/\/www.santacroceweb.com\/giornale1\/wp-content\/uploads\/2017\/10\/DSC0001.jpg\" class=\"attachment-thumbnail size-thumbnail jl-lazyload lazyload\" alt=\"\" data-src=\"https:\/\/www.santacroceweb.com\/giornale1\/wp-content\/uploads\/2017\/10\/DSC0001-150x150.jpg\" \/><\/a>\n\t\t\t<\/div><\/figure><figure class='gallery-item'>\n\t\t\t<div class='gallery-icon landscape'>\n\t\t\t\t<a href='https:\/\/www.santacroceweb.com\/index.php\/2017\/10\/09\/oltre-100-partecipanti-per-la-ciclolonga-della-solidarieta-foto-e-video\/_dsc0002-4\/'><img decoding=\"async\" width=\"150\" height=\"150\" src=\"https:\/\/www.santacroceweb.com\/giornale1\/wp-content\/uploads\/2017\/10\/DSC0002.jpg\" class=\"attachment-thumbnail size-thumbnail jl-lazyload lazyload\" alt=\"\" data-src=\"https:\/\/www.santacroceweb.com\/giornale1\/wp-content\/uploads\/2017\/10\/DSC0002-150x150.jpg\" \/><\/a>\n\t\t\t<\/div><\/figure><figure class='gallery-item'>\n\t\t\t<div class='gallery-icon landscape'>\n\t\t\t\t<a href='https:\/\/www.santacroceweb.com\/index.php\/2017\/10\/09\/oltre-100-partecipanti-per-la-ciclolonga-della-solidarieta-foto-e-video\/_dsc0003-copia\/'><img decoding=\"async\" width=\"150\" height=\"150\" src=\"https:\/\/www.santacroceweb.com\/giornale1\/wp-content\/uploads\/2017\/10\/DSC0003-copia.jpg\" class=\"attachment-thumbnail size-thumbnail jl-lazyload lazyload\" alt=\"\" data-src=\"https:\/\/www.santacroceweb.com\/giornale1\/wp-content\/uploads\/2017\/10\/DSC0003-copia-150x150.jpg\" \/><\/a>\n\t\t\t<\/div><\/figure><figure class='gallery-item'>\n\t\t\t<div class='gallery-icon landscape'>\n\t\t\t\t<a href='https:\/\/www.santacroceweb.com\/index.php\/2017\/10\/09\/oltre-100-partecipanti-per-la-ciclolonga-della-solidarieta-foto-e-video\/_dsc0004-copia-2\/'><img loading=\"lazy\" decoding=\"async\" width=\"150\" height=\"150\" src=\"https:\/\/www.santacroceweb.com\/giornale1\/wp-content\/uploads\/2017\/10\/DSC0004-copia.jpg\" class=\"attachment-thumbnail size-thumbnail jl-lazyload lazyload\" alt=\"\" data-src=\"https:\/\/www.santacroceweb.com\/giornale1\/wp-content\/uploads\/2017\/10\/DSC0004-copia-150x150.jpg\" \/><\/a>\n\t\t\t<\/div><\/figure><figure class='gallery-item'>\n\t\t\t<div class='gallery-icon landscape'>\n\t\t\t\t<a href='https:\/\/www.santacroceweb.com\/index.php\/2017\/10\/09\/oltre-100-partecipanti-per-la-ciclolonga-della-solidarieta-foto-e-video\/_dsc0007-copia-2\/'><img loading=\"lazy\" decoding=\"async\" width=\"150\" height=\"150\" src=\"https:\/\/www.santacroceweb.com\/giornale1\/wp-content\/uploads\/2017\/10\/DSC0007-copia.jpg\" class=\"attachment-thumbnail size-thumbnail jl-lazyload lazyload\" alt=\"\" data-src=\"https:\/\/www.santacroceweb.com\/giornale1\/wp-content\/uploads\/2017\/10\/DSC0007-copia-150x150.jpg\" \/><\/a>\n\t\t\t<\/div><\/figure><figure class='gallery-item'>\n\t\t\t<div class='gallery-icon landscape'>\n\t\t\t\t<a href='https:\/\/www.santacroceweb.com\/index.php\/2017\/10\/09\/oltre-100-partecipanti-per-la-ciclolonga-della-solidarieta-foto-e-video\/_dsc0009-copia\/'><img loading=\"lazy\" decoding=\"async\" width=\"150\" height=\"150\" src=\"https:\/\/www.santacroceweb.com\/giornale1\/wp-content\/uploads\/2017\/10\/DSC0009-copia.jpg\" class=\"attachment-thumbnail size-thumbnail jl-lazyload lazyload\" alt=\"\" data-src=\"https:\/\/www.santacroceweb.com\/giornale1\/wp-content\/uploads\/2017\/10\/DSC0009-copia-150x150.jpg\" \/><\/a>\n\t\t\t<\/div><\/figure><figure class='gallery-item'>\n\t\t\t<div class='gallery-icon landscape'>\n\t\t\t\t<a href='https:\/\/www.santacroceweb.com\/index.php\/2017\/10\/09\/oltre-100-partecipanti-per-la-ciclolonga-della-solidarieta-foto-e-video\/_dsc0010-copia\/'><img loading=\"lazy\" decoding=\"async\" width=\"150\" height=\"150\" src=\"https:\/\/www.santacroceweb.com\/giornale1\/wp-content\/uploads\/2017\/10\/DSC0010-copia.jpg\" class=\"attachment-thumbnail size-thumbnail jl-lazyload lazyload\" alt=\"\" data-src=\"https:\/\/www.santacroceweb.com\/giornale1\/wp-content\/uploads\/2017\/10\/DSC0010-copia-150x150.jpg\" \/><\/a>\n\t\t\t<\/div><\/figure><figure class='gallery-item'>\n\t\t\t<div class='gallery-icon landscape'>\n\t\t\t\t<a href='https:\/\/www.santacroceweb.com\/index.php\/2017\/10\/09\/oltre-100-partecipanti-per-la-ciclolonga-della-solidarieta-foto-e-video\/_dsc0012-copia\/'><img loading=\"lazy\" decoding=\"async\" width=\"150\" height=\"150\" src=\"https:\/\/www.santacroceweb.com\/giornale1\/wp-content\/uploads\/2017\/10\/DSC0012-copia.jpg\" class=\"attachment-thumbnail size-thumbnail jl-lazyload lazyload\" alt=\"\" data-src=\"https:\/\/www.santacroceweb.com\/giornale1\/wp-content\/uploads\/2017\/10\/DSC0012-copia-150x150.jpg\" \/><\/a>\n\t\t\t<\/div><\/figure><figure class='gallery-item'>\n\t\t\t<div class='gallery-icon landscape'>\n\t\t\t\t<a href='https:\/\/www.santacroceweb.com\/index.php\/2017\/10\/09\/oltre-100-partecipanti-per-la-ciclolonga-della-solidarieta-foto-e-video\/_dsc0017-copia\/'><img loading=\"lazy\" decoding=\"async\" width=\"150\" height=\"150\" src=\"https:\/\/www.santacroceweb.com\/giornale1\/wp-content\/uploads\/2017\/10\/DSC0017-copia.jpg\" class=\"attachment-thumbnail size-thumbnail jl-lazyload lazyload\" alt=\"\" data-src=\"https:\/\/www.santacroceweb.com\/giornale1\/wp-content\/uploads\/2017\/10\/DSC0017-copia-150x150.jpg\" \/><\/a>\n\t\t\t<\/div><\/figure><figure class='gallery-item'>\n\t\t\t<div class='gallery-icon landscape'>\n\t\t\t\t<a href='https:\/\/www.santacroceweb.com\/index.php\/2017\/10\/09\/oltre-100-partecipanti-per-la-ciclolonga-della-solidarieta-foto-e-video\/_dsc0027-copia\/'><img loading=\"lazy\" decoding=\"async\" width=\"150\" height=\"150\" src=\"https:\/\/www.santacroceweb.com\/giornale1\/wp-content\/uploads\/2017\/10\/DSC0027-copia.jpg\" class=\"attachment-thumbnail size-thumbnail jl-lazyload lazyload\" alt=\"\" data-src=\"https:\/\/www.santacroceweb.com\/giornale1\/wp-content\/uploads\/2017\/10\/DSC0027-copia-150x150.jpg\" \/><\/a>\n\t\t\t<\/div><\/figure><figure class='gallery-item'>\n\t\t\t<div class='gallery-icon landscape'>\n\t\t\t\t<a href='https:\/\/www.santacroceweb.com\/index.php\/2017\/10\/09\/oltre-100-partecipanti-per-la-ciclolonga-della-solidarieta-foto-e-video\/_dsc0039-copia\/'><img loading=\"lazy\" decoding=\"async\" width=\"150\" height=\"150\" src=\"https:\/\/www.santacroceweb.com\/giornale1\/wp-content\/uploads\/2017\/10\/DSC0039-copia.jpg\" class=\"attachment-thumbnail size-thumbnail jl-lazyload lazyload\" alt=\"\" data-src=\"https:\/\/www.santacroceweb.com\/giornale1\/wp-content\/uploads\/2017\/10\/DSC0039-copia-150x150.jpg\" \/><\/a>\n\t\t\t<\/div><\/figure><figure class='gallery-item'>\n\t\t\t<div class='gallery-icon landscape'>\n\t\t\t\t<a href='https:\/\/www.santacroceweb.com\/index.php\/2017\/10\/09\/oltre-100-partecipanti-per-la-ciclolonga-della-solidarieta-foto-e-video\/_dsc0045-copia\/'><img loading=\"lazy\" decoding=\"async\" width=\"150\" height=\"150\" src=\"https:\/\/www.santacroceweb.com\/giornale1\/wp-content\/uploads\/2017\/10\/DSC0045-copia.jpg\" class=\"attachment-thumbnail size-thumbnail jl-lazyload lazyload\" alt=\"\" data-src=\"https:\/\/www.santacroceweb.com\/giornale1\/wp-content\/uploads\/2017\/10\/DSC0045-copia-150x150.jpg\" \/><\/a>\n\t\t\t<\/div><\/figure><figure class='gallery-item'>\n\t\t\t<div class='gallery-icon landscape'>\n\t\t\t\t<a href='https:\/\/www.santacroceweb.com\/index.php\/2017\/10\/09\/oltre-100-partecipanti-per-la-ciclolonga-della-solidarieta-foto-e-video\/_dsc0061-copia\/'><img loading=\"lazy\" decoding=\"async\" width=\"150\" height=\"150\" src=\"https:\/\/www.santacroceweb.com\/giornale1\/wp-content\/uploads\/2017\/10\/DSC0061-copia.jpg\" class=\"attachment-thumbnail size-thumbnail jl-lazyload lazyload\" alt=\"\" data-src=\"https:\/\/www.santacroceweb.com\/giornale1\/wp-content\/uploads\/2017\/10\/DSC0061-copia-150x150.jpg\" \/><\/a>\n\t\t\t<\/div><\/figure><figure class='gallery-item'>\n\t\t\t<div class='gallery-icon landscape'>\n\t\t\t\t<a href='https:\/\/www.santacroceweb.com\/index.php\/2017\/10\/09\/oltre-100-partecipanti-per-la-ciclolonga-della-solidarieta-foto-e-video\/_dsc0087-copia\/'><img loading=\"lazy\" decoding=\"async\" width=\"150\" height=\"150\" src=\"https:\/\/www.santacroceweb.com\/giornale1\/wp-content\/uploads\/2017\/10\/DSC0087-copia.jpg\" class=\"attachment-thumbnail size-thumbnail jl-lazyload lazyload\" alt=\"\" data-src=\"https:\/\/www.santacroceweb.com\/giornale1\/wp-content\/uploads\/2017\/10\/DSC0087-copia-150x150.jpg\" \/><\/a>\n\t\t\t<\/div><\/figure><figure class='gallery-item'>\n\t\t\t<div class='gallery-icon landscape'>\n\t\t\t\t<a href='https:\/\/www.santacroceweb.com\/index.php\/2017\/10\/09\/oltre-100-partecipanti-per-la-ciclolonga-della-solidarieta-foto-e-video\/_dsc0029-copia\/'><img loading=\"lazy\" decoding=\"async\" width=\"150\" height=\"150\" src=\"https:\/\/www.santacroceweb.com\/giornale1\/wp-content\/uploads\/2017\/10\/DSC0029-copia.jpg\" class=\"attachment-thumbnail size-thumbnail jl-lazyload lazyload\" alt=\"\" data-src=\"https:\/\/www.santacroceweb.com\/giornale1\/wp-content\/uploads\/2017\/10\/DSC0029-copia-150x150.jpg\" \/><\/a>\n\t\t\t<\/div><\/figure><figure class='gallery-item'>\n\t\t\t<div class='gallery-icon landscape'>\n\t\t\t\t<a href='https:\/\/www.santacroceweb.com\/index.php\/2017\/10\/09\/oltre-100-partecipanti-per-la-ciclolonga-della-solidarieta-foto-e-video\/_dsc0063-copia\/'><img loading=\"lazy\" decoding=\"async\" width=\"150\" height=\"150\" src=\"https:\/\/www.santacroceweb.com\/giornale1\/wp-content\/uploads\/2017\/10\/DSC0063-copia.jpg\" class=\"attachment-thumbnail size-thumbnail jl-lazyload lazyload\" alt=\"\" data-src=\"https:\/\/www.santacroceweb.com\/giornale1\/wp-content\/uploads\/2017\/10\/DSC0063-copia-150x150.jpg\" \/><\/a>\n\t\t\t<\/div><\/figure><figure class='gallery-item'>\n\t\t\t<div class='gallery-icon landscape'>\n\t\t\t\t<a href='https:\/\/www.santacroceweb.com\/index.php\/2017\/10\/09\/oltre-100-partecipanti-per-la-ciclolonga-della-solidarieta-foto-e-video\/_dsc0066-copia\/'><img loading=\"lazy\" decoding=\"async\" width=\"150\" height=\"150\" src=\"https:\/\/www.santacroceweb.com\/giornale1\/wp-content\/uploads\/2017\/10\/DSC0066-copia.jpg\" class=\"attachment-thumbnail size-thumbnail jl-lazyload lazyload\" alt=\"\" data-src=\"https:\/\/www.santacroceweb.com\/giornale1\/wp-content\/uploads\/2017\/10\/DSC0066-copia-150x150.jpg\" \/><\/a>\n\t\t\t<\/div><\/figure><figure class='gallery-item'>\n\t\t\t<div class='gallery-icon landscape'>\n\t\t\t\t<a href='https:\/\/www.santacroceweb.com\/index.php\/2017\/10\/09\/oltre-100-partecipanti-per-la-ciclolonga-della-solidarieta-foto-e-video\/_dsc0067-copia\/'><img loading=\"lazy\" decoding=\"async\" width=\"150\" height=\"150\" src=\"https:\/\/www.santacroceweb.com\/giornale1\/wp-content\/uploads\/2017\/10\/DSC0067-copia.jpg\" class=\"attachment-thumbnail size-thumbnail jl-lazyload lazyload\" alt=\"\" data-src=\"https:\/\/www.santacroceweb.com\/giornale1\/wp-content\/uploads\/2017\/10\/DSC0067-copia-150x150.jpg\" \/><\/a>\n\t\t\t<\/div><\/figure><figure class='gallery-item'>\n\t\t\t<div class='gallery-icon landscape'>\n\t\t\t\t<a href='https:\/\/www.santacroceweb.com\/index.php\/2017\/10\/09\/oltre-100-partecipanti-per-la-ciclolonga-della-solidarieta-foto-e-video\/_dsc0072-copia-2\/'><img loading=\"lazy\" decoding=\"async\" width=\"150\" height=\"150\" src=\"https:\/\/www.santacroceweb.com\/giornale1\/wp-content\/uploads\/2017\/10\/DSC0072-copia.jpg\" class=\"attachment-thumbnail size-thumbnail jl-lazyload lazyload\" alt=\"\" data-src=\"https:\/\/www.santacroceweb.com\/giornale1\/wp-content\/uploads\/2017\/10\/DSC0072-copia-150x150.jpg\" \/><\/a>\n\t\t\t<\/div><\/figure><figure class='gallery-item'>\n\t\t\t<div class='gallery-icon landscape'>\n\t\t\t\t<a href='https:\/\/www.santacroceweb.com\/index.php\/2017\/10\/09\/oltre-100-partecipanti-per-la-ciclolonga-della-solidarieta-foto-e-video\/_dsc0074-3\/'><img loading=\"lazy\" decoding=\"async\" width=\"150\" height=\"150\" src=\"https:\/\/www.santacroceweb.com\/giornale1\/wp-content\/uploads\/2017\/10\/DSC0074.jpg\" class=\"attachment-thumbnail size-thumbnail jl-lazyload lazyload\" alt=\"\" data-src=\"https:\/\/www.santacroceweb.com\/giornale1\/wp-content\/uploads\/2017\/10\/DSC0074-150x150.jpg\" \/><\/a>\n\t\t\t<\/div><\/figure><figure class='gallery-item'>\n\t\t\t<div class='gallery-icon landscape'>\n\t\t\t\t<a href='https:\/\/www.santacroceweb.com\/index.php\/2017\/10\/09\/oltre-100-partecipanti-per-la-ciclolonga-della-solidarieta-foto-e-video\/_dsc0078-copia\/'><img loading=\"lazy\" decoding=\"async\" width=\"150\" height=\"150\" src=\"https:\/\/www.santacroceweb.com\/giornale1\/wp-content\/uploads\/2017\/10\/DSC0078-copia.jpg\" class=\"attachment-thumbnail size-thumbnail jl-lazyload lazyload\" alt=\"\" data-src=\"https:\/\/www.santacroceweb.com\/giornale1\/wp-content\/uploads\/2017\/10\/DSC0078-copia-150x150.jpg\" \/><\/a>\n\t\t\t<\/div><\/figure><figure class='gallery-item'>\n\t\t\t<div class='gallery-icon landscape'>\n\t\t\t\t<a href='https:\/\/www.santacroceweb.com\/index.php\/2017\/10\/09\/oltre-100-partecipanti-per-la-ciclolonga-della-solidarieta-foto-e-video\/_dsc0081-copia\/'><img loading=\"lazy\" decoding=\"async\" width=\"150\" height=\"150\" src=\"https:\/\/www.santacroceweb.com\/giornale1\/wp-content\/uploads\/2017\/10\/DSC0081-copia.jpg\" class=\"attachment-thumbnail size-thumbnail jl-lazyload lazyload\" alt=\"\" data-src=\"https:\/\/www.santacroceweb.com\/giornale1\/wp-content\/uploads\/2017\/10\/DSC0081-copia-150x150.jpg\" \/><\/a>\n\t\t\t<\/div><\/figure>\n\t\t<\/div>\n\n","protected":false},"excerpt":{"rendered":"<p>Una domenica di ottobre all&#8217;insegna della solidariet\u00e0. Si \u00e8 infatti svolta ieri mattina la storica manifestazione AVIS, che ha visto partecipanti di tutte le et\u00e0 inforcare la bici e farsi messaggeri di solidariet\u00e0. La ciclolonga della Solidariet\u00e0 ormai da oltre 30 anni rappresenta infatti un grande veicolo di sensibilizzazione alla donazione del sangue. Oltre cento [&hellip;]<\/p>\n","protected":false},"author":31,"featured_media":52355,"comment_status":"open","ping_status":"open","sticky":false,"template":"","format":"gallery","meta":{"footnotes":""},"categories":[8,11],"tags":[],"class_list":["post-52340","post","type-post","status-publish","format-gallery","has-post-thumbnail","hentry","category-attualita","category-primopiano","post_format-post-format-gallery"],"_links":{"self":[{"href":"https:\/\/www.santacroceweb.com\/index.php\/wp-json\/wp\/v2\/posts\/52340","targetHints":{"allow":["GET"]}}],"collection":[{"href":"https:\/\/www.santacroceweb.com\/index.php\/wp-json\/wp\/v2\/posts"}],"about":[{"href":"https:\/\/www.santacroceweb.com\/index.php\/wp-json\/wp\/v2\/types\/post"}],"author":[{"embeddable":true,"href":"https:\/\/www.santacroceweb.com\/index.php\/wp-json\/wp\/v2\/users\/31"}],"replies":[{"embeddable":true,"href":"https:\/\/www.santacroceweb.com\/index.php\/wp-json\/wp\/v2\/comments?post=52340"}],"version-history":[{"count":0,"href":"https:\/\/www.santacroceweb.com\/index.php\/wp-json\/wp\/v2\/posts\/52340\/revisions"}],"wp:featuredmedia":[{"embeddable":true,"href":"https:\/\/www.santacroceweb.com\/index.php\/wp-json\/wp\/v2\/media\/52355"}],"wp:attachment":[{"href":"https:\/\/www.santacroceweb.com\/index.php\/wp-json\/wp\/v2\/media?parent=52340"}],"wp:term":[{"taxonomy":"category","embeddable":true,"href":"https:\/\/www.santacroceweb.com\/index.php\/wp-json\/wp\/v2\/categories?post=52340"},{"taxonomy":"post_tag","embeddable":true,"href":"https:\/\/www.santacroceweb.com\/index.php\/wp-json\/wp\/v2\/tags?post=52340"}],"curies":[{"name":"wp","href":"https:\/\/api.w.org\/{rel}","templated":true}]}}