{"id":52458,"date":"2017-10-14T12:38:07","date_gmt":"2017-10-14T10:38:07","guid":{"rendered":"http:\/\/www.santacroceweb.com\/giornale1\/?p=52458"},"modified":"2017-10-14T12:38:07","modified_gmt":"2017-10-14T10:38:07","slug":"scicli-lon-ragusa-incontra-i-diversamente-giovani-momento-di-arricchimento-personale","status":"publish","type":"post","link":"https:\/\/www.santacroceweb.com\/index.php\/2017\/10\/14\/scicli-lon-ragusa-incontra-i-diversamente-giovani-momento-di-arricchimento-personale\/","title":{"rendered":"<font color=red>Scicli &#8211;<\/font> L&#8217;on. Ragusa incontra i diversamente giovani: &#8220;Momento di arricchimento personale&#8221;"},"content":{"rendered":"<p style=\"text-align: justify;\">&#8220;Gioved\u00ec sera ho incontrato un gruppo di amici appartenenti a quella fascia di popolazione\u00a0che chiamo in modo simpatico diversamente giovani. Per me che in questi giorni di intensa campagna elettorale, in vista delle elezioni regionali del 5 novembre, sto vivendo tanti momenti di incontro, si \u00e8 trattata di una occasione particolarmente emozionante e arricchente&#8221;. Lo dice l&#8217;on. Orazio Ragusa. Il quale prosegue: &#8220;Sono sempre stato dell&#8217;avviso che le persone di una certa et\u00e0 costituiscono una risorsa preziosissima per la societ\u00e0 e che concludere il proprio ciclo lavorativo non equivale a diventare improduttivi o inutili. I diversamente giovani possiedono infatti enormi risorse dettate dall&#8217;esperienza, dalla conoscenza, dalla disponibilit\u00e0 di tempo ed hanno tutte le qualit\u00e0 per assumere anche un ruolo di risorsa e pilastro nella societ\u00e0 odierna. Durante l&#8217;incontro ho illustrato ai presenti i punti del mio programma elettorale che riguardano anche questa fascia sociale a cominciare dall&#8217;assistenza domiciliare, per non parlare della salvaguardia del benessere.\u00a0L&#8217;obiettivo \u00e8 quello di prolungare le aspettative di vita e di dare maggiore sicurezza a quelle persone che spesso vivono da sole. Anche in questa societ\u00e0 che corre dietro al progresso, alla informatizzazione, \u00e8 necessario soffermarsi sull&#8217;importanza della riflessione, della saggezza popolare, della memoria storica, tutti valori che le persone dell&#8217;et\u00e0 libera possiedono. Nei loro occhi e sui loro visi ho letto ancora tanta voglia di vivere e di battersi per far valere i propri diritti e per continuare a recitare un ruolo importante nella societ\u00e0. Spero di poterlo fare anche per loro grazie al consenso che sono certo mi garantiranno. Guai a chi pensa di escludere i diversamente giovani dalla societ\u00e0 di oggi. Sarebbe lo sbaglio pi\u00f9 grosso che potremmo commettere. La loro \u00e8 una ricchezza che non possiamo permetterci di disperdere. Anzi, dobbiamo continuare a fare il possibile per esaltare valori e caratteristiche di questa sempre pi\u00f9 importante fascia della popolazione&#8221;.<\/p>\n<p><img fetchpriority=\"high\" decoding=\"async\" class=\"alignnone size-full wp-image-52460 lazyload\" src=\"data:image\/gif;base64,R0lGODlhAQABAAAAACH5BAEKAAEALAAAAAABAAEAAAICTAEAOw==\" data-src=\"https:\/\/www.santacroceweb.com\/giornale1\/wp-content\/uploads\/2017\/10\/rag2.jpeg\" alt=\"\" width=\"1024\" height=\"768\" data-sizes=\"auto\" data-srcset=\"https:\/\/www.santacroceweb.com\/giornale1\/wp-content\/uploads\/2017\/10\/rag2.jpeg 1024w, https:\/\/www.santacroceweb.com\/giornale1\/wp-content\/uploads\/2017\/10\/rag2-300x225.jpeg 300w, https:\/\/www.santacroceweb.com\/giornale1\/wp-content\/uploads\/2017\/10\/rag2-768x576.jpeg 768w, https:\/\/www.santacroceweb.com\/giornale1\/wp-content\/uploads\/2017\/10\/rag2-86x64.jpeg 86w\" sizes=\"(max-width: 1024px) 100vw, 1024px\" \/><\/p>\n","protected":false},"excerpt":{"rendered":"<p>&#8220;Gioved\u00ec sera ho incontrato un gruppo di amici appartenenti a quella fascia di popolazione\u00a0che chiamo in modo simpatico diversamente giovani. Per me che in questi giorni di intensa campagna elettorale, in vista delle elezioni regionali del 5 novembre, sto vivendo tanti momenti di incontro, si \u00e8 trattata di una occasione particolarmente emozionante e arricchente&#8221;. Lo [&hellip;]<\/p>\n","protected":false},"author":34,"featured_media":52459,"comment_status":"open","ping_status":"open","sticky":false,"template":"","format":"standard","meta":{"footnotes":""},"categories":[12],"tags":[],"class_list":["post-52458","post","type-post","status-publish","format-standard","has-post-thumbnail","hentry","category-breaking"],"_links":{"self":[{"href":"https:\/\/www.santacroceweb.com\/index.php\/wp-json\/wp\/v2\/posts\/52458","targetHints":{"allow":["GET"]}}],"collection":[{"href":"https:\/\/www.santacroceweb.com\/index.php\/wp-json\/wp\/v2\/posts"}],"about":[{"href":"https:\/\/www.santacroceweb.com\/index.php\/wp-json\/wp\/v2\/types\/post"}],"author":[{"embeddable":true,"href":"https:\/\/www.santacroceweb.com\/index.php\/wp-json\/wp\/v2\/users\/34"}],"replies":[{"embeddable":true,"href":"https:\/\/www.santacroceweb.com\/index.php\/wp-json\/wp\/v2\/comments?post=52458"}],"version-history":[{"count":0,"href":"https:\/\/www.santacroceweb.com\/index.php\/wp-json\/wp\/v2\/posts\/52458\/revisions"}],"wp:featuredmedia":[{"embeddable":true,"href":"https:\/\/www.santacroceweb.com\/index.php\/wp-json\/wp\/v2\/media\/52459"}],"wp:attachment":[{"href":"https:\/\/www.santacroceweb.com\/index.php\/wp-json\/wp\/v2\/media?parent=52458"}],"wp:term":[{"taxonomy":"category","embeddable":true,"href":"https:\/\/www.santacroceweb.com\/index.php\/wp-json\/wp\/v2\/categories?post=52458"},{"taxonomy":"post_tag","embeddable":true,"href":"https:\/\/www.santacroceweb.com\/index.php\/wp-json\/wp\/v2\/tags?post=52458"}],"curies":[{"name":"wp","href":"https:\/\/api.w.org\/{rel}","templated":true}]}}