{"id":52468,"date":"2017-10-14T13:43:06","date_gmt":"2017-10-14T11:43:06","guid":{"rendered":"http:\/\/www.santacroceweb.com\/giornale1\/?p=52468"},"modified":"2017-10-14T13:53:25","modified_gmt":"2017-10-14T11:53:25","slug":"lo-yacht-piu-grande-del-mondo-a-marina-di-ragusa-vale-460-mln-di-dollari","status":"publish","type":"post","link":"https:\/\/www.santacroceweb.com\/index.php\/2017\/10\/14\/lo-yacht-piu-grande-del-mondo-a-marina-di-ragusa-vale-460-mln-di-dollari\/","title":{"rendered":"Lo yacht pi\u00f9 grande del mondo a Marina di Ragusa: vale 460 mln di dollari"},"content":{"rendered":"<p style=\"text-align: justify;\">Stamattina, di fronte al porto turistico di Marina di Ragusa, il palcoscenico era tutto per \u201cA\u201d, lo yacht a vela pi\u00f9 grande del mondo: la barca \u00e8 stata progettata da Philippe Starck, architetto e designer francese, per il miliardario russo Andrey Melnichenko, che la rivista Forbes nel 2017 piazza all\u201989\u00b0 posto dei &#8220;paperoni&#8221; del pianeta, con un patrimonio stimato di 14 miliardi di dollari. Lo yacht \u00e8 lungo 143 metri per 12.600 tonnellate di peso. Vale circa 460 milioni di dollari ed \u00e8 stato costruito dai cantieri Nobiskrug, a Kiel, in Germania. Possiede otto ponti e tre alberi (il pi\u00f9 alto raggiunge i 91 metri), una pista di atterraggio per l\u2019elicottero e pareti in vetro per osservare il mare sotto la sua superficie. E\u2019 stato costruito con materiali d\u2019avanguardia: alberi in fibra di carbonio, scafo in alluminio con inserti in fibra di carbonio, ponti in teak, vetri a prova di bomba. Pu\u00f2 ospitare fino a 20 passeggeri, oltre a un equipaggio di 54 persone. La sua prestanza e il suo designer avveniristico ha fatto strabuzzare agli occhi a chi si trovava questa mattina a Marina di Ragusa. Nei giorni scorsi \u201cA\u201d ha toccato altri porti siciliani fra cui Castellammare del Golfo, San Vito lo Capo e Selinunte.<\/p>\n<div id='gallery-1' class='gallery galleryid-52468 gallery-columns-3 gallery-size-thumbnail'><figure class='gallery-item'>\n\t\t\t<div class='gallery-icon landscape'>\n\t\t\t\t<a href='https:\/\/www.santacroceweb.com\/index.php\/2017\/10\/14\/lo-yacht-piu-grande-del-mondo-a-marina-di-ragusa-vale-460-mln-di-dollari\/yacht-3\/'><img decoding=\"async\" width=\"150\" height=\"150\" src=\"https:\/\/www.santacroceweb.com\/giornale1\/wp-content\/uploads\/2017\/10\/yacht-1.jpg\" class=\"attachment-thumbnail size-thumbnail jl-lazyload lazyload\" alt=\"\" aria-describedby=\"gallery-1-52470\" data-src=\"https:\/\/www.santacroceweb.com\/giornale1\/wp-content\/uploads\/2017\/10\/yacht-1-150x150.jpg\" \/><\/a>\n\t\t\t<\/div>\n\t\t\t\t<figcaption class='wp-caption-text gallery-caption' id='gallery-1-52470'>\n\t\t\t\tPorto turistico Marina di Ragusa (foto da Fb)\n\t\t\t\t<\/figcaption><\/figure><figure class='gallery-item'>\n\t\t\t<div class='gallery-icon landscape'>\n\t\t\t\t<a href='https:\/\/www.santacroceweb.com\/index.php\/2017\/10\/14\/lo-yacht-piu-grande-del-mondo-a-marina-di-ragusa-vale-460-mln-di-dollari\/yacht2\/'><img decoding=\"async\" width=\"150\" height=\"150\" src=\"https:\/\/www.santacroceweb.com\/giornale1\/wp-content\/uploads\/2017\/10\/yacht2.jpg\" class=\"attachment-thumbnail size-thumbnail jl-lazyload lazyload\" alt=\"\" aria-describedby=\"gallery-1-52471\" data-src=\"https:\/\/www.santacroceweb.com\/giornale1\/wp-content\/uploads\/2017\/10\/yacht2-150x150.jpg\" \/><\/a>\n\t\t\t<\/div>\n\t\t\t\t<figcaption class='wp-caption-text gallery-caption' id='gallery-1-52471'>\n\t\t\t\tPorto turistico Marina di Ragusa (foto da Fb)\n\t\t\t\t<\/figcaption><\/figure><figure class='gallery-item'>\n\t\t\t<div class='gallery-icon landscape'>\n\t\t\t\t<a href='https:\/\/www.santacroceweb.com\/index.php\/2017\/10\/14\/lo-yacht-piu-grande-del-mondo-a-marina-di-ragusa-vale-460-mln-di-dollari\/yacht3\/'><img decoding=\"async\" width=\"150\" height=\"150\" src=\"https:\/\/www.santacroceweb.com\/giornale1\/wp-content\/uploads\/2017\/10\/yacht3.jpg\" class=\"attachment-thumbnail size-thumbnail jl-lazyload lazyload\" alt=\"\" aria-describedby=\"gallery-1-52472\" data-src=\"https:\/\/www.santacroceweb.com\/giornale1\/wp-content\/uploads\/2017\/10\/yacht3-150x150.jpg\" \/><\/a>\n\t\t\t<\/div>\n\t\t\t\t<figcaption class='wp-caption-text gallery-caption' id='gallery-1-52472'>\n\t\t\t\tPorto turistico Marina di Ragusa (foto da Fb)\n\t\t\t\t<\/figcaption><\/figure><figure class='gallery-item'>\n\t\t\t<div class='gallery-icon landscape'>\n\t\t\t\t<a href='https:\/\/www.santacroceweb.com\/index.php\/2017\/10\/14\/lo-yacht-piu-grande-del-mondo-a-marina-di-ragusa-vale-460-mln-di-dollari\/yacht4\/'><img loading=\"lazy\" decoding=\"async\" width=\"150\" height=\"150\" src=\"https:\/\/www.santacroceweb.com\/giornale1\/wp-content\/uploads\/2017\/10\/yacht4.jpg\" class=\"attachment-thumbnail size-thumbnail jl-lazyload lazyload\" alt=\"\" aria-describedby=\"gallery-1-52473\" data-src=\"https:\/\/www.santacroceweb.com\/giornale1\/wp-content\/uploads\/2017\/10\/yacht4-150x150.jpg\" \/><\/a>\n\t\t\t<\/div>\n\t\t\t\t<figcaption class='wp-caption-text gallery-caption' id='gallery-1-52473'>\n\t\t\t\tPorto turistico Marina di Ragusa (foto da Fb)\n\t\t\t\t<\/figcaption><\/figure><figure class='gallery-item'>\n\t\t\t<div class='gallery-icon landscape'>\n\t\t\t\t<a href='https:\/\/www.santacroceweb.com\/index.php\/2017\/10\/14\/lo-yacht-piu-grande-del-mondo-a-marina-di-ragusa-vale-460-mln-di-dollari\/yacht-2\/'><img loading=\"lazy\" decoding=\"async\" width=\"150\" height=\"150\" src=\"https:\/\/www.santacroceweb.com\/giornale1\/wp-content\/uploads\/2017\/10\/yacht.jpg\" class=\"attachment-thumbnail size-thumbnail jl-lazyload lazyload\" alt=\"\" aria-describedby=\"gallery-1-52469\" data-src=\"https:\/\/www.santacroceweb.com\/giornale1\/wp-content\/uploads\/2017\/10\/yacht-150x150.jpg\" \/><\/a>\n\t\t\t<\/div>\n\t\t\t\t<figcaption class='wp-caption-text gallery-caption' id='gallery-1-52469'>\n\t\t\t\tPorto turistico Marina di Ragusa (foto da Fb)\n\t\t\t\t<\/figcaption><\/figure>\n\t\t<\/div>\n\n","protected":false},"excerpt":{"rendered":"<p>Stamattina, di fronte al porto turistico di Marina di Ragusa, il palcoscenico era tutto per \u201cA\u201d, lo yacht a vela pi\u00f9 grande del mondo: la barca \u00e8 stata progettata da Philippe Starck, architetto e designer francese, per il miliardario russo Andrey Melnichenko, che la rivista Forbes nel 2017 piazza all\u201989\u00b0 posto dei &#8220;paperoni&#8221; del pianeta, [&hellip;]<\/p>\n","protected":false},"author":34,"featured_media":52469,"comment_status":"open","ping_status":"open","sticky":false,"template":"","format":"gallery","meta":{"footnotes":""},"categories":[8],"tags":[],"class_list":["post-52468","post","type-post","status-publish","format-gallery","has-post-thumbnail","hentry","category-attualita","post_format-post-format-gallery"],"_links":{"self":[{"href":"https:\/\/www.santacroceweb.com\/index.php\/wp-json\/wp\/v2\/posts\/52468","targetHints":{"allow":["GET"]}}],"collection":[{"href":"https:\/\/www.santacroceweb.com\/index.php\/wp-json\/wp\/v2\/posts"}],"about":[{"href":"https:\/\/www.santacroceweb.com\/index.php\/wp-json\/wp\/v2\/types\/post"}],"author":[{"embeddable":true,"href":"https:\/\/www.santacroceweb.com\/index.php\/wp-json\/wp\/v2\/users\/34"}],"replies":[{"embeddable":true,"href":"https:\/\/www.santacroceweb.com\/index.php\/wp-json\/wp\/v2\/comments?post=52468"}],"version-history":[{"count":0,"href":"https:\/\/www.santacroceweb.com\/index.php\/wp-json\/wp\/v2\/posts\/52468\/revisions"}],"wp:featuredmedia":[{"embeddable":true,"href":"https:\/\/www.santacroceweb.com\/index.php\/wp-json\/wp\/v2\/media\/52469"}],"wp:attachment":[{"href":"https:\/\/www.santacroceweb.com\/index.php\/wp-json\/wp\/v2\/media?parent=52468"}],"wp:term":[{"taxonomy":"category","embeddable":true,"href":"https:\/\/www.santacroceweb.com\/index.php\/wp-json\/wp\/v2\/categories?post=52468"},{"taxonomy":"post_tag","embeddable":true,"href":"https:\/\/www.santacroceweb.com\/index.php\/wp-json\/wp\/v2\/tags?post=52468"}],"curies":[{"name":"wp","href":"https:\/\/api.w.org\/{rel}","templated":true}]}}