{"id":52930,"date":"2017-10-31T13:39:51","date_gmt":"2017-10-31T12:39:51","guid":{"rendered":"http:\/\/www.santacroceweb.com\/giornale1\/?p=52930"},"modified":"2017-11-01T14:31:57","modified_gmt":"2017-11-01T13:31:57","slug":"tamponamento-allingresso-di-punta-secca-auto-si-cappotta-conducente-illeso","status":"publish","type":"post","link":"https:\/\/www.santacroceweb.com\/index.php\/2017\/10\/31\/tamponamento-allingresso-di-punta-secca-auto-si-cappotta-conducente-illeso\/","title":{"rendered":"Tamponamento all&#8217;ingresso di P.Secca: un&#8217;auto si cappotta, conducente illeso"},"content":{"rendered":"<p style=\"text-align: justify;\">Un incidente spettacolare, ma per fortuna senza gravi conseguenze, si \u00e8 verificato stamattina all\u2019ingresso di Punta Secca, all\u2019incrocio fra la SC 35 e via Pertini. Erano circa le 12.45. Sono rimaste coinvolte due auto: una Terios Daihatsu grigia e una vecchia Mercedes blu. La prima, in seguito all\u2019impatto, ha fatto perno sullo spartitraffico e si \u00e8 cappottata, finendo la sua corsa dopo qualche metro. Il conducente, un giovane di 24 anni, se l\u2019\u00e8 cavata con una gran paura e qualche escoriazione: la ferita pi\u00f9 evidente, subito medicata dal personale del 118, \u00e8 nei pressi del gomito sinistro. L&#8217;ambulanza ha accompagnato il ragazzo all&#8217;ospedale di Ragusa per alcuni accertamenti: al 24enne \u00e8 stato applicato anche un collare. Il conducente della Mercedes, invece, ha riportato la frattura di una costola. La dinamica dello scontro non \u00e8 ancora chiara: i vigili urbani sono intervenuti per compiere i rilievi. L\u2019auto cappottata mostra un\u2019evidente ammaccatura sul lato passeggero.<\/p>\n<div id='gallery-1' class='gallery galleryid-52930 gallery-columns-3 gallery-size-thumbnail'><figure class='gallery-item'>\n\t\t\t<div class='gallery-icon landscape'>\n\t\t\t\t<a href='https:\/\/www.santacroceweb.com\/index.php\/2017\/10\/31\/pronte-le-celebrazioni-del-4-novembre-si-esibiranno-i-ragazzi-delle-scuole\/img-20171031-wa0003\/'><img decoding=\"async\" width=\"150\" height=\"150\" src=\"https:\/\/www.santacroceweb.com\/giornale1\/wp-content\/uploads\/2017\/10\/IMG-20171031-WA0003.jpg\" class=\"attachment-thumbnail size-thumbnail jl-lazyload lazyload\" alt=\"\" data-src=\"https:\/\/www.santacroceweb.com\/giornale1\/wp-content\/uploads\/2017\/10\/IMG-20171031-WA0003-150x150.jpg\" \/><\/a>\n\t\t\t<\/div><\/figure><figure class='gallery-item'>\n\t\t\t<div class='gallery-icon landscape'>\n\t\t\t\t<a href='https:\/\/www.santacroceweb.com\/index.php\/2017\/10\/31\/pronte-le-celebrazioni-del-4-novembre-si-esibiranno-i-ragazzi-delle-scuole\/immagine-2-20\/'><img decoding=\"async\" width=\"150\" height=\"150\" src=\"https:\/\/www.santacroceweb.com\/giornale1\/wp-content\/uploads\/2017\/10\/Immagine-2-1.jpg\" class=\"attachment-thumbnail size-thumbnail jl-lazyload lazyload\" alt=\"\" data-src=\"https:\/\/www.santacroceweb.com\/giornale1\/wp-content\/uploads\/2017\/10\/Immagine-2-1-150x150.jpg\" \/><\/a>\n\t\t\t<\/div><\/figure><figure class='gallery-item'>\n\t\t\t<div class='gallery-icon landscape'>\n\t\t\t\t<a href='https:\/\/www.santacroceweb.com\/index.php\/2017\/10\/31\/pronte-le-celebrazioni-del-4-novembre-si-esibiranno-i-ragazzi-delle-scuole\/dav-198\/'><img decoding=\"async\" width=\"150\" height=\"150\" src=\"https:\/\/www.santacroceweb.com\/giornale1\/wp-content\/uploads\/2017\/10\/IMG_20171031_125417.jpg\" class=\"attachment-thumbnail size-thumbnail jl-lazyload lazyload\" alt=\"\" data-src=\"https:\/\/www.santacroceweb.com\/giornale1\/wp-content\/uploads\/2017\/10\/IMG_20171031_125417-150x150.jpg\" \/><\/a>\n\t\t\t<\/div><\/figure><figure class='gallery-item'>\n\t\t\t<div class='gallery-icon landscape'>\n\t\t\t\t<a href='https:\/\/www.santacroceweb.com\/index.php\/2017\/10\/31\/pronte-le-celebrazioni-del-4-novembre-si-esibiranno-i-ragazzi-delle-scuole\/dav-196\/'><img loading=\"lazy\" decoding=\"async\" width=\"150\" height=\"150\" src=\"https:\/\/www.santacroceweb.com\/giornale1\/wp-content\/uploads\/2017\/10\/IMG_20171031_125128.jpg\" class=\"attachment-thumbnail size-thumbnail jl-lazyload lazyload\" alt=\"\" data-src=\"https:\/\/www.santacroceweb.com\/giornale1\/wp-content\/uploads\/2017\/10\/IMG_20171031_125128-150x150.jpg\" \/><\/a>\n\t\t\t<\/div><\/figure><figure class='gallery-item'>\n\t\t\t<div class='gallery-icon landscape'>\n\t\t\t\t<a href='https:\/\/www.santacroceweb.com\/index.php\/2017\/10\/31\/pronte-le-celebrazioni-del-4-novembre-si-esibiranno-i-ragazzi-delle-scuole\/dav-195\/'><img loading=\"lazy\" decoding=\"async\" width=\"150\" height=\"150\" src=\"https:\/\/www.santacroceweb.com\/giornale1\/wp-content\/uploads\/2017\/10\/IMG_20171031_125114.jpg\" class=\"attachment-thumbnail size-thumbnail jl-lazyload lazyload\" alt=\"\" data-src=\"https:\/\/www.santacroceweb.com\/giornale1\/wp-content\/uploads\/2017\/10\/IMG_20171031_125114-150x150.jpg\" \/><\/a>\n\t\t\t<\/div><\/figure><figure class='gallery-item'>\n\t\t\t<div class='gallery-icon landscape'>\n\t\t\t\t<a href='https:\/\/www.santacroceweb.com\/10-43\/'><img loading=\"lazy\" decoding=\"async\" width=\"150\" height=\"150\" src=\"https:\/\/www.santacroceweb.com\/giornale1\/wp-content\/uploads\/2017\/10\/10.jpg\" class=\"attachment-thumbnail size-thumbnail jl-lazyload lazyload\" alt=\"\" data-src=\"https:\/\/www.santacroceweb.com\/giornale1\/wp-content\/uploads\/2017\/10\/10-150x150.jpg\" \/><\/a>\n\t\t\t<\/div><\/figure><figure class='gallery-item'>\n\t\t\t<div class='gallery-icon landscape'>\n\t\t\t\t<a href='https:\/\/www.santacroceweb.com\/dav-199\/'><img loading=\"lazy\" decoding=\"async\" width=\"150\" height=\"150\" src=\"https:\/\/www.santacroceweb.com\/giornale1\/wp-content\/uploads\/2017\/10\/IMG_20171031_125238-1.jpg\" class=\"attachment-thumbnail size-thumbnail jl-lazyload lazyload\" alt=\"\" data-src=\"https:\/\/www.santacroceweb.com\/giornale1\/wp-content\/uploads\/2017\/10\/IMG_20171031_125238-1-150x150.jpg\" \/><\/a>\n\t\t\t<\/div><\/figure>\n\t\t<\/div>\n\n","protected":false},"excerpt":{"rendered":"<p>Un incidente spettacolare, ma per fortuna senza gravi conseguenze, si \u00e8 verificato stamattina all\u2019ingresso di Punta Secca, all\u2019incrocio fra la SC 35 e via Pertini. Erano circa le 12.45. Sono rimaste coinvolte due auto: una Terios Daihatsu grigia e una vecchia Mercedes blu. La prima, in seguito all\u2019impatto, ha fatto perno sullo spartitraffico e si [&hellip;]<\/p>\n","protected":false},"author":11,"featured_media":52922,"comment_status":"open","ping_status":"open","sticky":false,"template":"","format":"gallery","meta":{"footnotes":""},"categories":[7,11],"tags":[],"class_list":["post-52930","post","type-post","status-publish","format-gallery","has-post-thumbnail","hentry","category-cronaca","category-primopiano","post_format-post-format-gallery"],"_links":{"self":[{"href":"https:\/\/www.santacroceweb.com\/index.php\/wp-json\/wp\/v2\/posts\/52930","targetHints":{"allow":["GET"]}}],"collection":[{"href":"https:\/\/www.santacroceweb.com\/index.php\/wp-json\/wp\/v2\/posts"}],"about":[{"href":"https:\/\/www.santacroceweb.com\/index.php\/wp-json\/wp\/v2\/types\/post"}],"author":[{"embeddable":true,"href":"https:\/\/www.santacroceweb.com\/index.php\/wp-json\/wp\/v2\/users\/11"}],"replies":[{"embeddable":true,"href":"https:\/\/www.santacroceweb.com\/index.php\/wp-json\/wp\/v2\/comments?post=52930"}],"version-history":[{"count":0,"href":"https:\/\/www.santacroceweb.com\/index.php\/wp-json\/wp\/v2\/posts\/52930\/revisions"}],"wp:featuredmedia":[{"embeddable":true,"href":"https:\/\/www.santacroceweb.com\/index.php\/wp-json\/wp\/v2\/media\/52922"}],"wp:attachment":[{"href":"https:\/\/www.santacroceweb.com\/index.php\/wp-json\/wp\/v2\/media?parent=52930"}],"wp:term":[{"taxonomy":"category","embeddable":true,"href":"https:\/\/www.santacroceweb.com\/index.php\/wp-json\/wp\/v2\/categories?post=52930"},{"taxonomy":"post_tag","embeddable":true,"href":"https:\/\/www.santacroceweb.com\/index.php\/wp-json\/wp\/v2\/tags?post=52930"}],"curies":[{"name":"wp","href":"https:\/\/api.w.org\/{rel}","templated":true}]}}