{"id":53,"date":"2012-12-16T14:14:27","date_gmt":"2012-12-16T13:14:27","guid":{"rendered":"http:\/\/www.santacroceweb.com\/giornale1\/?p=53"},"modified":"2012-12-17T19:58:03","modified_gmt":"2012-12-17T18:58:03","slug":"lascom-di-santa-croce-ha-il-suo-nuovo-presidente-e-stato-eletto-carmelo-giudice","status":"publish","type":"post","link":"https:\/\/www.santacroceweb.com\/index.php\/2012\/12\/16\/lascom-di-santa-croce-ha-il-suo-nuovo-presidente-e-stato-eletto-carmelo-giudice\/","title":{"rendered":"L\u2019Ascom di Santa Croce ha il suo nuovo presidente: \u00e8 stato eletto Carmelo Giudice"},"content":{"rendered":"<div style=\"text-align: justify;\">Nuovo presidente per la sezione Ascom di Santa Croce. Il direttivo sezionale ha eletto Carmelo Giudice. Vicepresidente, invece, \u00e8\u00a0stato nominato Franco Iacono. Il ricambio interno al direttivo dopo la decisione dell\u2019ex presidente, Tony Mandar\u00e0, di rassegnare le dimissioni per motivi familiari. \u201cTorno di nuovo a ricoprire l\u2019incarico di presidente \u2013 afferma Giudice \u2013 in un momento molto difficile per i commercianti della nostra citt\u00e0. E\u2019 chiaro che la sezione si adoperer\u00e0 per sostenere al meglio la categoria sapendo quanto l\u2019attuale situazione di crisi stia incidendo in negativo sul fronte della crescita\u201d. Al neo presidente e al vice arrivano gli auguri di buon lavoro, a nome dell\u2019intero sistema, del presidente provinciale Confcommercio Ragusa, Sergio Magro. \u201cSiamo pronti a sostenere l\u2019azione di Giudice e dell\u2019intero direttivo \u2013 afferma Magro \u2013 convinti come siamo che, in questa fase, \u00e8 indispensabile rimanere uniti. L\u2019associazione dei commercianti ha la necessit\u00e0 di dimostrare quanto sia importante, in questo momento cos\u00ec delicato, muoversi con estrema circospezione visto che non \u00e8 indifferente quello che sta accadendo a livello territoriale con numerose attivit\u00e0 che, a causa della crisi e dell\u2019eccessiva pressione fiscale, si vedono costrette a chiudere i battenti. Per questo motivo siamo convinti che l\u2019unione fa la forza e staremo accanto alle loro necessit\u00e0\u201d.<\/div>\n<div style=\"text-align: right;\"><strong>Redazione<\/strong><\/div>\n","protected":false},"excerpt":{"rendered":"<p>Nuovo presidente per la sezione Ascom di Santa Croce. Il direttivo sezionale ha eletto Carmelo Giudice. Vicepresidente, invece, \u00e8\u00a0stato nominato Franco Iacono. Il ricambio interno al direttivo dopo la decisione dell\u2019ex presidente, Tony Mandar\u00e0, di rassegnare le dimissioni per motivi familiari. \u201cTorno di nuovo a ricoprire l\u2019incarico di presidente \u2013 afferma Giudice \u2013 in un [&hellip;]<\/p>\n","protected":false},"author":34,"featured_media":54,"comment_status":"open","ping_status":"open","sticky":false,"template":"","format":"standard","meta":{"footnotes":""},"categories":[8],"tags":[],"class_list":["post-53","post","type-post","status-publish","format-standard","has-post-thumbnail","hentry","category-attualita"],"_links":{"self":[{"href":"https:\/\/www.santacroceweb.com\/index.php\/wp-json\/wp\/v2\/posts\/53","targetHints":{"allow":["GET"]}}],"collection":[{"href":"https:\/\/www.santacroceweb.com\/index.php\/wp-json\/wp\/v2\/posts"}],"about":[{"href":"https:\/\/www.santacroceweb.com\/index.php\/wp-json\/wp\/v2\/types\/post"}],"author":[{"embeddable":true,"href":"https:\/\/www.santacroceweb.com\/index.php\/wp-json\/wp\/v2\/users\/34"}],"replies":[{"embeddable":true,"href":"https:\/\/www.santacroceweb.com\/index.php\/wp-json\/wp\/v2\/comments?post=53"}],"version-history":[{"count":0,"href":"https:\/\/www.santacroceweb.com\/index.php\/wp-json\/wp\/v2\/posts\/53\/revisions"}],"wp:featuredmedia":[{"embeddable":true,"href":"https:\/\/www.santacroceweb.com\/index.php\/wp-json\/wp\/v2\/media\/54"}],"wp:attachment":[{"href":"https:\/\/www.santacroceweb.com\/index.php\/wp-json\/wp\/v2\/media?parent=53"}],"wp:term":[{"taxonomy":"category","embeddable":true,"href":"https:\/\/www.santacroceweb.com\/index.php\/wp-json\/wp\/v2\/categories?post=53"},{"taxonomy":"post_tag","embeddable":true,"href":"https:\/\/www.santacroceweb.com\/index.php\/wp-json\/wp\/v2\/tags?post=53"}],"curies":[{"name":"wp","href":"https:\/\/api.w.org\/{rel}","templated":true}]}}