{"id":53483,"date":"2017-11-22T10:09:26","date_gmt":"2017-11-22T09:09:26","guid":{"rendered":"http:\/\/www.santacroceweb.com\/giornale1\/?p=53483"},"modified":"2017-11-22T10:19:57","modified_gmt":"2017-11-22T09:19:57","slug":"il-comune-di-santa-croce-contro-la-violenza-sulle-donne-il-programma-di-sabato","status":"publish","type":"post","link":"https:\/\/www.santacroceweb.com\/index.php\/2017\/11\/22\/il-comune-di-santa-croce-contro-la-violenza-sulle-donne-il-programma-di-sabato\/","title":{"rendered":"Il comune di S.Croce contro la violenza sulle donne: il programma di sabato"},"content":{"rendered":"<p style=\"text-align: justify;\">L&#8217;amministrazione Comunale di Santa Croce Camerina, con un programma di iniziative, ha aderito alla \u201cGiornata Internazionale contro la Violenza sulle Donne\u201d, per condannare fermamente ogni forma di violenza fisica, sessuale e psicologica, e ribadire il proprio impegno nel promuovere iniziative e politiche attive al fine di contrastare il fenomeno della violenza contro le donne e favorire la cultura di convivenza tra i sessi.<\/p>\n<p style=\"text-align: justify;\">Sabato 25 novembre, presso piazza degli Studi sar\u00e0 inaugurata una Panchina Rossa per dire no alla violenza sulle donne, iniziativa a cura della Associazione Culturale Libera&#8230;Mente. Subito dopo gli eventi si sposteranno presso la biblioteca Giovanni Verga con un programma ricco di iniziative. A partire da una mostra fotografica e pittorica dal titolo \u201cIl silenzio lascia i lividi\u201d a cura dell\u2019associazione Arcana che sar\u00e0 preceduta da un intervento di Francesca Giann\u00ec (presidente dell\u2019associazione). Dopo i saluti istituzionali del sindaco Giovanni Barone, del presidente del Consiglio Piero Mandar\u00e0 e della consigliera comunale con delega alla Cultura Antonella Galuppi, seguir\u00e0 un intervento della dott.ssa Marianna Cuciti sul tema \u201cIl femminicidio: riflessioni su un fenomeno allarmante\u201d. La 1\u00aa sessione si concluder\u00e0 con la lettura di poesie curata dall\u2019associazione Arcana per non dimenticare le vittime della violenza sulle donne.<\/p>\n<p style=\"text-align: justify;\">La 2\u00aa sessione proseguir\u00e0 con la presentazione del libro \u201cIl serpente e il giglio\u201d. Previsti gli interventi di Romina Licciardi (presidente del Centro Servizi Donne) e Annalisa Mariani (autrice del libro), infine le conclusioni dei lavori con l&#8217;intervento di Giulia Santodonato (assessore Pari Opportunit\u00e0). Tra una sessione e l&#8217;altra ci sar\u00e0 un intermezzo musicale a cura della bravissima musicista Daria Fede che eseguir\u00e0 alcuni brani dedicate alle donne. Al termine della manifestazione verranno lanciate delle lanterne e dei palloncini rossi come gesto simbolico per ricordare. I partecipanti sono invitati ad indossare un\u00a0accessorio bianco, colore simbolo dell&#8217;impegno contro la violenza.<\/p>\n<p><img fetchpriority=\"high\" decoding=\"async\" class=\"alignnone size-full wp-image-53484 lazyload\" src=\"data:image\/gif;base64,R0lGODlhAQABAAAAACH5BAEKAAEALAAAAAABAAEAAAICTAEAOw==\" data-src=\"https:\/\/www.santacroceweb.com\/giornale1\/wp-content\/uploads\/2017\/11\/Violenza.jpeg\" alt=\"\" width=\"1164\" height=\"1600\" data-sizes=\"auto\" data-srcset=\"https:\/\/www.santacroceweb.com\/giornale1\/wp-content\/uploads\/2017\/11\/Violenza.jpeg 1164w, https:\/\/www.santacroceweb.com\/giornale1\/wp-content\/uploads\/2017\/11\/Violenza-218x300.jpeg 218w, https:\/\/www.santacroceweb.com\/giornale1\/wp-content\/uploads\/2017\/11\/Violenza-768x1056.jpeg 768w, https:\/\/www.santacroceweb.com\/giornale1\/wp-content\/uploads\/2017\/11\/Violenza-745x1024.jpeg 745w\" sizes=\"(max-width: 1164px) 100vw, 1164px\" \/><\/p>\n","protected":false},"excerpt":{"rendered":"<p>L&#8217;amministrazione Comunale di Santa Croce Camerina, con un programma di iniziative, ha aderito alla \u201cGiornata Internazionale contro la Violenza sulle Donne\u201d, per condannare fermamente ogni forma di violenza fisica, sessuale e psicologica, e ribadire il proprio impegno nel promuovere iniziative e politiche attive al fine di contrastare il fenomeno della violenza contro le donne e [&hellip;]<\/p>\n","protected":false},"author":34,"featured_media":53485,"comment_status":"open","ping_status":"open","sticky":false,"template":"","format":"standard","meta":{"footnotes":""},"categories":[8,11],"tags":[],"class_list":["post-53483","post","type-post","status-publish","format-standard","has-post-thumbnail","hentry","category-attualita","category-primopiano"],"_links":{"self":[{"href":"https:\/\/www.santacroceweb.com\/index.php\/wp-json\/wp\/v2\/posts\/53483","targetHints":{"allow":["GET"]}}],"collection":[{"href":"https:\/\/www.santacroceweb.com\/index.php\/wp-json\/wp\/v2\/posts"}],"about":[{"href":"https:\/\/www.santacroceweb.com\/index.php\/wp-json\/wp\/v2\/types\/post"}],"author":[{"embeddable":true,"href":"https:\/\/www.santacroceweb.com\/index.php\/wp-json\/wp\/v2\/users\/34"}],"replies":[{"embeddable":true,"href":"https:\/\/www.santacroceweb.com\/index.php\/wp-json\/wp\/v2\/comments?post=53483"}],"version-history":[{"count":0,"href":"https:\/\/www.santacroceweb.com\/index.php\/wp-json\/wp\/v2\/posts\/53483\/revisions"}],"wp:featuredmedia":[{"embeddable":true,"href":"https:\/\/www.santacroceweb.com\/index.php\/wp-json\/wp\/v2\/media\/53485"}],"wp:attachment":[{"href":"https:\/\/www.santacroceweb.com\/index.php\/wp-json\/wp\/v2\/media?parent=53483"}],"wp:term":[{"taxonomy":"category","embeddable":true,"href":"https:\/\/www.santacroceweb.com\/index.php\/wp-json\/wp\/v2\/categories?post=53483"},{"taxonomy":"post_tag","embeddable":true,"href":"https:\/\/www.santacroceweb.com\/index.php\/wp-json\/wp\/v2\/tags?post=53483"}],"curies":[{"name":"wp","href":"https:\/\/api.w.org\/{rel}","templated":true}]}}