{"id":53868,"date":"2017-12-06T10:48:41","date_gmt":"2017-12-06T09:48:41","guid":{"rendered":"http:\/\/www.santacroceweb.com\/giornale1\/?p=53868"},"modified":"2017-12-06T10:48:41","modified_gmt":"2017-12-06T09:48:41","slug":"consiglio-zago-fonda-gruppo-diventera-bellissima-ma-resto-allopposizione","status":"publish","type":"post","link":"https:\/\/www.santacroceweb.com\/index.php\/2017\/12\/06\/consiglio-zago-fonda-gruppo-diventera-bellissima-ma-resto-allopposizione\/","title":{"rendered":"Consiglio, Zago fonda gruppo &#8220;Diventer\u00e0 Bellissima&#8221;: &#8220;Ma resto all&#8217;opposizione&#8221;"},"content":{"rendered":"<p style=\"text-align: justify;\">\u201cIn un momento in cui il movimento politico &#8220;Diventer\u00e0 bellissima&#8221;, che \u00e8 stato protagonista delle recenti elezioni regionali, comincia ad intraprendere un percorso che, con molta probabilit\u00e0, lo porter\u00e0 alla costituzione di un vero e proprio partito fatto di persone oneste che intendono far politica per mettersi al servizio della collettivit\u00e0 e non per servirsi della politica stessa a proprio vantaggio, io, Chiara Zago, consigliere di opposizione del Comune di Santa Croce Camerina, dichiaro di aderire al movimento &#8220;Diventer\u00e0 bellissima&#8221; ed a tal proposito costituisco il gruppo consiliare indipendente &#8220;Diventer\u00e0 bellissima&#8221;, nell&#8217;ambito del Consiglio Comunale in cui opero\u201d. Lo scrive Chiara Zago, consigliere comunale eletto nelle file dell\u2019opposizione, all\u2019indomani dell\u2019affermazione elettorale di Giorgio Assenza alle recenti elezioni Regionali. Zago comunica la sua \u201cindipendenza\u201d in seno al Consiglio comunale, dove finora aveva operato assieme agli altri consiglieri del gruppo \u201cLiberi di Scegliere\u201d. Tuttavia rimarr\u00e0 fedele al gruppo di minoranza e ai suoi elettori: \u201cQuesta scelta, come gi\u00e0 preannunciato nel corso della campagna elettorale a sostegno di Nello Musumeci e Giorgio Assenza, \u00e8 una naturale evoluzione del percorso politico che, insieme al circolo politico &#8220;Meridiana&#8221;, abbiamo intrapreso da sei anni a questa parte \u2013 continua Zago -. Noi riteniamo, infatti, che per le forze politiche di centro-destra, &#8220;Diventer\u00e0 bellissima&#8221; rappresenti un valido contenitore politico nel quale esse possano confluire, a garanzia di una politica seria basata su solidi ideali. Dichiaro, inoltre, che \u00e8 mia assoluta intenzione mantenere fede al mandato conferitomi dagli elettori, fino alla sua naturale scadenza, esercitando il ruolo di consigliere di opposizione, attenta, vigile e costruttiva affinch\u00e9 l\u2019amministrazione operi sempre nel massimo rispetto del bene e dell\u2019interesse di tutti i cittadini\u201d.<\/p>\n<p><img fetchpriority=\"high\" decoding=\"async\" class=\"alignnone size-full wp-image-53870 lazyload\" src=\"data:image\/gif;base64,R0lGODlhAQABAAAAACH5BAEKAAEALAAAAAABAAEAAAICTAEAOw==\" data-src=\"https:\/\/www.santacroceweb.com\/giornale1\/wp-content\/uploads\/2017\/12\/Chiara-Zago-1.jpg\" alt=\"\" width=\"682\" height=\"670\" data-sizes=\"auto\" data-srcset=\"https:\/\/www.santacroceweb.com\/giornale1\/wp-content\/uploads\/2017\/12\/Chiara-Zago-1.jpg 682w, https:\/\/www.santacroceweb.com\/giornale1\/wp-content\/uploads\/2017\/12\/Chiara-Zago-1-300x295.jpg 300w\" sizes=\"(max-width: 682px) 100vw, 682px\" \/><\/p>\n","protected":false},"excerpt":{"rendered":"<p>\u201cIn un momento in cui il movimento politico &#8220;Diventer\u00e0 bellissima&#8221;, che \u00e8 stato protagonista delle recenti elezioni regionali, comincia ad intraprendere un percorso che, con molta probabilit\u00e0, lo porter\u00e0 alla costituzione di un vero e proprio partito fatto di persone oneste che intendono far politica per mettersi al servizio della collettivit\u00e0 e non per servirsi [&hellip;]<\/p>\n","protected":false},"author":34,"featured_media":53869,"comment_status":"open","ping_status":"open","sticky":false,"template":"","format":"standard","meta":{"footnotes":""},"categories":[4,11],"tags":[],"class_list":["post-53868","post","type-post","status-publish","format-standard","has-post-thumbnail","hentry","category-politica","category-primopiano"],"_links":{"self":[{"href":"https:\/\/www.santacroceweb.com\/index.php\/wp-json\/wp\/v2\/posts\/53868","targetHints":{"allow":["GET"]}}],"collection":[{"href":"https:\/\/www.santacroceweb.com\/index.php\/wp-json\/wp\/v2\/posts"}],"about":[{"href":"https:\/\/www.santacroceweb.com\/index.php\/wp-json\/wp\/v2\/types\/post"}],"author":[{"embeddable":true,"href":"https:\/\/www.santacroceweb.com\/index.php\/wp-json\/wp\/v2\/users\/34"}],"replies":[{"embeddable":true,"href":"https:\/\/www.santacroceweb.com\/index.php\/wp-json\/wp\/v2\/comments?post=53868"}],"version-history":[{"count":0,"href":"https:\/\/www.santacroceweb.com\/index.php\/wp-json\/wp\/v2\/posts\/53868\/revisions"}],"wp:featuredmedia":[{"embeddable":true,"href":"https:\/\/www.santacroceweb.com\/index.php\/wp-json\/wp\/v2\/media\/53869"}],"wp:attachment":[{"href":"https:\/\/www.santacroceweb.com\/index.php\/wp-json\/wp\/v2\/media?parent=53868"}],"wp:term":[{"taxonomy":"category","embeddable":true,"href":"https:\/\/www.santacroceweb.com\/index.php\/wp-json\/wp\/v2\/categories?post=53868"},{"taxonomy":"post_tag","embeddable":true,"href":"https:\/\/www.santacroceweb.com\/index.php\/wp-json\/wp\/v2\/tags?post=53868"}],"curies":[{"name":"wp","href":"https:\/\/api.w.org\/{rel}","templated":true}]}}