{"id":54216,"date":"2017-12-18T14:11:19","date_gmt":"2017-12-18T13:11:19","guid":{"rendered":"http:\/\/www.santacroceweb.com\/giornale1\/?p=54216"},"modified":"2017-12-18T14:11:19","modified_gmt":"2017-12-18T13:11:19","slug":"asd-taekwondo-kamarina-giovanni-cappello-e-una-cintura-nera-1-dan","status":"publish","type":"post","link":"https:\/\/www.santacroceweb.com\/index.php\/2017\/12\/18\/asd-taekwondo-kamarina-giovanni-cappello-e-una-cintura-nera-1-dan\/","title":{"rendered":"Asd Taekwondo Kamarina: Giovanni Cappello \u00e8 una cintura nera 1* DAN"},"content":{"rendered":"<p style=\"text-align: justify;\">Domenica 17 dicembre si sono svolti a Barcellona Pozzo di Gotto gli esami di Cintura Nera per atleti provenienti da tutta la Sicilia. Per il movimento del Maestro Salvo Giandinoto era presente il giovane Giovanni Cappello che, dopo il titolo di Campione Regionale del 2015 e il bronzo agli Interregionali del 2016, conclude la stagione 2017 con l&#8217;acquisizione della cintura nera 1* DAN. Gli esami si sono svolti alla presenza della commissione federale regionale e del Maestro Salvo, cintura nera 6* DAN, nelle vesti di ufficiale di gara centrale, che si conferma ai massimi vertici regionali ponendo le basi per un 2018 entusiasmante dove i suoi atleti si preparano gi\u00e0 da settembre per portare il taekwondo kamarinense sui podi regionali e nazionali. La squadra \u00e8 molto competitiva e ha gi\u00e0 portato lustro nelle gare precedenti anche grazie al giovane allenatore M* Nicol\u00f2 Giandinoto, preparatore tecnico-tattico della Asd Taekwondo Kamarina. Grande soddisfazione per la presidente della societ\u00e0, Giusy Puglisi: \u201cStiamo investendo risorse economiche e umane nello sviluppo del taekwondo a Santa Croce Camerina e in provincia per avvicinare quanti pi\u00f9 atleti, piccoli e grandi, al nostro sport e per dare ai ragazzi anche un luogo sano e pulito dove crescere sportivamente ed emotivamente attraverso l&#8217;opera dei nostri tecnici. Ne approfitto anche per ringraziare le famiglie dei nostri ragazzi, sempre attente e disponibili. Auguro loro buone Feste!\u201d<\/p>\n","protected":false},"excerpt":{"rendered":"<p>Domenica 17 dicembre si sono svolti a Barcellona Pozzo di Gotto gli esami di Cintura Nera per atleti provenienti da tutta la Sicilia. Per il movimento del Maestro Salvo Giandinoto era presente il giovane Giovanni Cappello che, dopo il titolo di Campione Regionale del 2015 e il bronzo agli Interregionali del 2016, conclude la stagione [&hellip;]<\/p>\n","protected":false},"author":34,"featured_media":54217,"comment_status":"open","ping_status":"open","sticky":false,"template":"","format":"standard","meta":{"footnotes":""},"categories":[3],"tags":[],"class_list":["post-54216","post","type-post","status-publish","format-standard","has-post-thumbnail","hentry","category-sport"],"_links":{"self":[{"href":"https:\/\/www.santacroceweb.com\/index.php\/wp-json\/wp\/v2\/posts\/54216","targetHints":{"allow":["GET"]}}],"collection":[{"href":"https:\/\/www.santacroceweb.com\/index.php\/wp-json\/wp\/v2\/posts"}],"about":[{"href":"https:\/\/www.santacroceweb.com\/index.php\/wp-json\/wp\/v2\/types\/post"}],"author":[{"embeddable":true,"href":"https:\/\/www.santacroceweb.com\/index.php\/wp-json\/wp\/v2\/users\/34"}],"replies":[{"embeddable":true,"href":"https:\/\/www.santacroceweb.com\/index.php\/wp-json\/wp\/v2\/comments?post=54216"}],"version-history":[{"count":0,"href":"https:\/\/www.santacroceweb.com\/index.php\/wp-json\/wp\/v2\/posts\/54216\/revisions"}],"wp:featuredmedia":[{"embeddable":true,"href":"https:\/\/www.santacroceweb.com\/index.php\/wp-json\/wp\/v2\/media\/54217"}],"wp:attachment":[{"href":"https:\/\/www.santacroceweb.com\/index.php\/wp-json\/wp\/v2\/media?parent=54216"}],"wp:term":[{"taxonomy":"category","embeddable":true,"href":"https:\/\/www.santacroceweb.com\/index.php\/wp-json\/wp\/v2\/categories?post=54216"},{"taxonomy":"post_tag","embeddable":true,"href":"https:\/\/www.santacroceweb.com\/index.php\/wp-json\/wp\/v2\/tags?post=54216"}],"curies":[{"name":"wp","href":"https:\/\/api.w.org\/{rel}","templated":true}]}}