{"id":54225,"date":"2017-12-19T10:06:13","date_gmt":"2017-12-19T09:06:13","guid":{"rendered":"http:\/\/www.santacroceweb.com\/giornale1\/?p=54225"},"modified":"2017-12-19T10:16:12","modified_gmt":"2017-12-19T09:16:12","slug":"il-natale-solidale-della-scuola-dellinfanzia-il-21-dicembre-ce-la-fiera-del-dolce","status":"publish","type":"post","link":"https:\/\/www.santacroceweb.com\/index.php\/2017\/12\/19\/il-natale-solidale-della-scuola-dellinfanzia-il-21-dicembre-ce-la-fiera-del-dolce\/","title":{"rendered":"Il Natale solidale della scuola materna: il 21 dicembre c&#8217;\u00e8 la fiera del dolce"},"content":{"rendered":"<p style=\"text-align: justify;\">Ad essere solidali si impara da piccoli, soprattutto se si ha l&#8217;esempio di famiglia e scuola. Ecco perch\u00e9 la scuola dell&#8217;infanzia dell\u2019istituto Comprensivo \u201cPsaumide\u201d ha organizzato la \u201cprima fiera del dolce solidale\u201d. Giorno 21 dicembre, a partire dalle ore 9 fino alle ore 13, i locali della scuola dell&#8217;infanzia ospiteranno una sagra di dolci preparati dalle mamme dei piccolissimi alunni e confezionati in porzioni per facilitarne la vendita. Dopo una cerimonia di inaugurazione con la presenza della dirigente scolastica, la prof.ssa Spataro, e delle autorit\u00e0\u00a0 civili e religiose, la sagra sar\u00e0 aperta agli alunni delle scuole primaria e secondaria di 1\u00b0 e 2\u00b0\u00a0 grado e a tutti coloro che vorranno contribuire. I destinatari del ricavato sono associazioni che operano nel territorio del nostro Comune. La manifestazione, organizzata delle docenti delle tre sezioni della scuola dell&#8217;infanzia, ha trovato apprezzamento e collaborazione nelle famiglie dei piccoli alunni. Con la certezza che la manifestazione sar\u00e0 un successo, invitiamo i nostri lettori ad accorrere numerosi e a contribuire con generosit\u00e0. Buone Feste all&#8217;insegna della solidariet\u00e0 ai piccoli alunni della scuola dell&#8217;infanzia.<\/p>\n<p><img fetchpriority=\"high\" decoding=\"async\" class=\"alignnone size-full wp-image-54228 lazyload\" src=\"data:image\/gif;base64,R0lGODlhAQABAAAAACH5BAEKAAEALAAAAAABAAEAAAICTAEAOw==\" data-src=\"https:\/\/www.santacroceweb.com\/giornale1\/wp-content\/uploads\/2017\/12\/Programma-sagra-1.jpeg\" alt=\"\" width=\"1018\" height=\"1440\" data-sizes=\"auto\" data-srcset=\"https:\/\/www.santacroceweb.com\/giornale1\/wp-content\/uploads\/2017\/12\/Programma-sagra-1.jpeg 1018w, https:\/\/www.santacroceweb.com\/giornale1\/wp-content\/uploads\/2017\/12\/Programma-sagra-1-212x300.jpeg 212w, https:\/\/www.santacroceweb.com\/giornale1\/wp-content\/uploads\/2017\/12\/Programma-sagra-1-768x1086.jpeg 768w, https:\/\/www.santacroceweb.com\/giornale1\/wp-content\/uploads\/2017\/12\/Programma-sagra-1-724x1024.jpeg 724w\" sizes=\"(max-width: 1018px) 100vw, 1018px\" \/><\/p>\n<p><img decoding=\"async\" class=\"alignnone size-full wp-image-54229 lazyload\" src=\"data:image\/gif;base64,R0lGODlhAQABAAAAACH5BAEKAAEALAAAAAABAAEAAAICTAEAOw==\" data-src=\"https:\/\/www.santacroceweb.com\/giornale1\/wp-content\/uploads\/2017\/12\/programma-sagra-e1513674348587.jpeg\" alt=\"\" width=\"1160\" height=\"1534\" data-sizes=\"auto\" data-srcset=\"https:\/\/www.santacroceweb.com\/giornale1\/wp-content\/uploads\/2017\/12\/programma-sagra-e1513674348587.jpeg 1160w, https:\/\/www.santacroceweb.com\/giornale1\/wp-content\/uploads\/2017\/12\/programma-sagra-e1513674348587-227x300.jpeg 227w, https:\/\/www.santacroceweb.com\/giornale1\/wp-content\/uploads\/2017\/12\/programma-sagra-e1513674348587-768x1016.jpeg 768w, https:\/\/www.santacroceweb.com\/giornale1\/wp-content\/uploads\/2017\/12\/programma-sagra-e1513674348587-774x1024.jpeg 774w\" sizes=\"(max-width: 1160px) 100vw, 1160px\" \/><\/p>\n","protected":false},"excerpt":{"rendered":"<p>Ad essere solidali si impara da piccoli, soprattutto se si ha l&#8217;esempio di famiglia e scuola. Ecco perch\u00e9 la scuola dell&#8217;infanzia dell\u2019istituto Comprensivo \u201cPsaumide\u201d ha organizzato la \u201cprima fiera del dolce solidale\u201d. Giorno 21 dicembre, a partire dalle ore 9 fino alle ore 13, i locali della scuola dell&#8217;infanzia ospiteranno una sagra di dolci preparati [&hellip;]<\/p>\n","protected":false},"author":31,"featured_media":54227,"comment_status":"open","ping_status":"open","sticky":false,"template":"","format":"standard","meta":{"footnotes":""},"categories":[8],"tags":[],"class_list":["post-54225","post","type-post","status-publish","format-standard","has-post-thumbnail","hentry","category-attualita"],"_links":{"self":[{"href":"https:\/\/www.santacroceweb.com\/index.php\/wp-json\/wp\/v2\/posts\/54225","targetHints":{"allow":["GET"]}}],"collection":[{"href":"https:\/\/www.santacroceweb.com\/index.php\/wp-json\/wp\/v2\/posts"}],"about":[{"href":"https:\/\/www.santacroceweb.com\/index.php\/wp-json\/wp\/v2\/types\/post"}],"author":[{"embeddable":true,"href":"https:\/\/www.santacroceweb.com\/index.php\/wp-json\/wp\/v2\/users\/31"}],"replies":[{"embeddable":true,"href":"https:\/\/www.santacroceweb.com\/index.php\/wp-json\/wp\/v2\/comments?post=54225"}],"version-history":[{"count":0,"href":"https:\/\/www.santacroceweb.com\/index.php\/wp-json\/wp\/v2\/posts\/54225\/revisions"}],"wp:featuredmedia":[{"embeddable":true,"href":"https:\/\/www.santacroceweb.com\/index.php\/wp-json\/wp\/v2\/media\/54227"}],"wp:attachment":[{"href":"https:\/\/www.santacroceweb.com\/index.php\/wp-json\/wp\/v2\/media?parent=54225"}],"wp:term":[{"taxonomy":"category","embeddable":true,"href":"https:\/\/www.santacroceweb.com\/index.php\/wp-json\/wp\/v2\/categories?post=54225"},{"taxonomy":"post_tag","embeddable":true,"href":"https:\/\/www.santacroceweb.com\/index.php\/wp-json\/wp\/v2\/tags?post=54225"}],"curies":[{"name":"wp","href":"https:\/\/api.w.org\/{rel}","templated":true}]}}