{"id":54473,"date":"2017-12-29T18:13:56","date_gmt":"2017-12-29T17:13:56","guid":{"rendered":"http:\/\/www.santacroceweb.com\/giornale1\/?p=54473"},"modified":"2018-01-02T10:47:28","modified_gmt":"2018-01-02T09:47:28","slug":"sara-un-capodanno-coi-botti-in-piazza-radiofreccia-la-cover-band-di-liga","status":"publish","type":"post","link":"https:\/\/www.santacroceweb.com\/index.php\/2017\/12\/29\/sara-un-capodanno-coi-botti-in-piazza-radiofreccia-la-cover-band-di-liga\/","title":{"rendered":"Il maltempo non risparmia Capodanno: l&#8217;evento dei Radiofreccia rinviato al 16"},"content":{"rendered":"<p style=\"text-align: justify;\">A rendere il 2018 di Santa Croce Camerina caldo sin da subito ci penser\u00e0 Radiofreccia, la cover band di Luciano Ligabue, che luned\u00ec 1 gennaio, a partire dalle 20, si esibir\u00e0 in piazza Vittorio Emanuele II. Un Capodanno coi fiocchi per gli amanti del genere. I brani pi\u00f9 belli dell\u2019artista di Correggio arriveranno in piazza, a Santa Croce, grazie all\u2019impegno dei cinque membri della band: Michele Frasca (Batteria); Saro Prestipino (Chitarra); Manuele Provenzano (Basso); Giuseppe Senia (Chitarra) e Giuseppe Zagara (Voce\/Chitarra). Verranno riproposti i pezzi di Liga, spaziando per l&#8217;intera discografia.\u00a0Si andr\u00e0 dai brani dell&#8217;Omonimo primo album fino ad arrivare agli ultimi successi, da quelli rock a quelli che sanno davvero fare emozionare. Perch\u00e9 come dice il buon Luciano: \u201cSono sempre i sogni a dare forma al mondo&#8221;. E allora non prendete impegni: la sera di Capodanno, nell\u2019ambito del Natale Solidale Kamarinense 2017, arriva Radiofreccia: dalle 20 appuntamento in piazza Vittorio Emanuele per il primo concerto dell\u2019anno.<\/p>\n<p style=\"text-align: justify;\"><span style=\"color: #ff0000;\"><strong>*** Si comunica a tutta la cittadinanza che lo spettacolo dei Radiofreccia, la cover band di Luciano Ligabue, inizialmente previsto per l&#8217;1 gennaio in Piazza V. Emanuele dalle ore 19.30, \u00e8 stato spostato per le cattive condizioni metereologiche in data 16 gennaio a Piazza Del Mercato Vecchio in occasione delle &#8220;Luminarie di Sant\u2019Antonio Abate&#8221; a partire dalle 18.30 ***\u00a0<\/strong><\/span><\/p>\n","protected":false},"excerpt":{"rendered":"<p>A rendere il 2018 di Santa Croce Camerina caldo sin da subito ci penser\u00e0 Radiofreccia, la cover band di Luciano Ligabue, che luned\u00ec 1 gennaio, a partire dalle 20, si esibir\u00e0 in piazza Vittorio Emanuele II. Un Capodanno coi fiocchi per gli amanti del genere. I brani pi\u00f9 belli dell\u2019artista di Correggio arriveranno in piazza, [&hellip;]<\/p>\n","protected":false},"author":34,"featured_media":54474,"comment_status":"open","ping_status":"open","sticky":false,"template":"","format":"standard","meta":{"footnotes":""},"categories":[6],"tags":[],"class_list":["post-54473","post","type-post","status-publish","format-standard","has-post-thumbnail","hentry","category-culturaespettacolo"],"_links":{"self":[{"href":"https:\/\/www.santacroceweb.com\/index.php\/wp-json\/wp\/v2\/posts\/54473","targetHints":{"allow":["GET"]}}],"collection":[{"href":"https:\/\/www.santacroceweb.com\/index.php\/wp-json\/wp\/v2\/posts"}],"about":[{"href":"https:\/\/www.santacroceweb.com\/index.php\/wp-json\/wp\/v2\/types\/post"}],"author":[{"embeddable":true,"href":"https:\/\/www.santacroceweb.com\/index.php\/wp-json\/wp\/v2\/users\/34"}],"replies":[{"embeddable":true,"href":"https:\/\/www.santacroceweb.com\/index.php\/wp-json\/wp\/v2\/comments?post=54473"}],"version-history":[{"count":0,"href":"https:\/\/www.santacroceweb.com\/index.php\/wp-json\/wp\/v2\/posts\/54473\/revisions"}],"wp:featuredmedia":[{"embeddable":true,"href":"https:\/\/www.santacroceweb.com\/index.php\/wp-json\/wp\/v2\/media\/54474"}],"wp:attachment":[{"href":"https:\/\/www.santacroceweb.com\/index.php\/wp-json\/wp\/v2\/media?parent=54473"}],"wp:term":[{"taxonomy":"category","embeddable":true,"href":"https:\/\/www.santacroceweb.com\/index.php\/wp-json\/wp\/v2\/categories?post=54473"},{"taxonomy":"post_tag","embeddable":true,"href":"https:\/\/www.santacroceweb.com\/index.php\/wp-json\/wp\/v2\/tags?post=54473"}],"curies":[{"name":"wp","href":"https:\/\/api.w.org\/{rel}","templated":true}]}}