{"id":54605,"date":"2018-01-09T10:28:00","date_gmt":"2018-01-09T09:28:00","guid":{"rendered":"http:\/\/www.santacroceweb.com\/giornale1\/?p=54605"},"modified":"2018-01-09T10:28:00","modified_gmt":"2018-01-09T09:28:00","slug":"illuminata-la-rotatoria-della-fontana-tricolore-giavatto-larteria-e-piu-sicura","status":"publish","type":"post","link":"https:\/\/www.santacroceweb.com\/index.php\/2018\/01\/09\/illuminata-la-rotatoria-della-fontana-tricolore-giavatto-larteria-e-piu-sicura\/","title":{"rendered":"Illuminata la rotatoria della Fontana Tricolore. Giavatto: &#8220;L&#8217;arteria \u00e8 pi\u00f9 sicura&#8221;"},"content":{"rendered":"<p style=\"text-align: justify;\">Una botta di vita per la Fontana Tricolore. Da qualche giorno \u00e8 stato ripristinato l\u2019impianto di illuminazione della rotatoria che sorge lungo la circonvallazione di Santa Croce Camerina, al bivio tra Marchesa e Costa degli Archi. La fontana, che nel tempo \u00e8 stata oggetto di polemiche, \u00e8 tornata a brillare. L\u2019effetto pi\u00f9 importante dei nuovi fari, per\u00f2, sar\u00e0 quello di illuminare l\u2019arteria e venire incontro alla problematica sicurezza per tutti i veicoli in transito. La storia della Fontana Tricolore \u00e8 ricca di avvenimenti. Quella realizzata dalla giunta Schembari come opera di compensazione del fotovoltaico \u2013 cio\u00e8 con un impatto a costo zero per le casse comunali \u2013 non \u00e8 mai stata particolarmente amata. Al di l\u00e0 di ogni possibile critica sull\u2019estetica, anche i costi di mantenimento della fontana, negli anni, parevano eccessivi. Un ragionamento che port\u00f2 il sindaco Franca Iurato a \u201cspegnerla\u201d (con coda polemica annessa). Il contatore rimarr\u00e0 spento anche stavolta: niente giochini con l\u2019acqua, per la delusione dei pi\u00f9 piccoli.<\/p>\n<p style=\"text-align: justify;\">Il perch\u00e9 \u00e8 presto spiegato da Giovanni Giavatto, assessore ai Lavori Pubblici: \u201cNon metteremo in azione il gioco delle acque perch\u00e9 le elettropompe, sia per il costo energetico che per la continua manutenzione, sono un notevolissimo costo economico. Ma lasceremo accese le luci tricolori a contesto decorativo\u201d. Oltre ai fari che giganteggiano portentosi sopra l\u2019opera, anche le lucine della fontana rimarranno luccicanti, dando forma al tricolore: \u201cE\u2019 qualcosa che si poteva fare molto prima \u2013 spiega ancora il vice-sindaco &#8211; Tuttavia sono contento per l&#8217;Amministrazione tutta, anche se ritengo che vadano apportate delle migliorie illuminotecniche e di arredo decorativo arbustivo. Nel complesso siamo soddisfatti per un segnale concreto del fare che con questa opera si \u00e8 voluto dare a beneficio della cittadinanza e del paese. E\u2019 stata realizzata con un costo contenuto rispetto alla importanza dell&#8217;opera stessa, sia in termini di sicurezza che di viabilit\u00e0 pubblica\u201d. Un concetto rimarcato anche dal sindaco Giovanni Barone: \u201cLa rotatoria, grazie a questo impianto di illuminazione, \u00e8 finalmente pi\u00f9 sicura\u201d.<\/p>\n","protected":false},"excerpt":{"rendered":"<p>Una botta di vita per la Fontana Tricolore. Da qualche giorno \u00e8 stato ripristinato l\u2019impianto di illuminazione della rotatoria che sorge lungo la circonvallazione di Santa Croce Camerina, al bivio tra Marchesa e Costa degli Archi. La fontana, che nel tempo \u00e8 stata oggetto di polemiche, \u00e8 tornata a brillare. L\u2019effetto pi\u00f9 importante dei nuovi [&hellip;]<\/p>\n","protected":false},"author":34,"featured_media":54606,"comment_status":"open","ping_status":"open","sticky":false,"template":"","format":"standard","meta":{"footnotes":""},"categories":[4,11],"tags":[],"class_list":["post-54605","post","type-post","status-publish","format-standard","has-post-thumbnail","hentry","category-politica","category-primopiano"],"_links":{"self":[{"href":"https:\/\/www.santacroceweb.com\/index.php\/wp-json\/wp\/v2\/posts\/54605","targetHints":{"allow":["GET"]}}],"collection":[{"href":"https:\/\/www.santacroceweb.com\/index.php\/wp-json\/wp\/v2\/posts"}],"about":[{"href":"https:\/\/www.santacroceweb.com\/index.php\/wp-json\/wp\/v2\/types\/post"}],"author":[{"embeddable":true,"href":"https:\/\/www.santacroceweb.com\/index.php\/wp-json\/wp\/v2\/users\/34"}],"replies":[{"embeddable":true,"href":"https:\/\/www.santacroceweb.com\/index.php\/wp-json\/wp\/v2\/comments?post=54605"}],"version-history":[{"count":0,"href":"https:\/\/www.santacroceweb.com\/index.php\/wp-json\/wp\/v2\/posts\/54605\/revisions"}],"wp:featuredmedia":[{"embeddable":true,"href":"https:\/\/www.santacroceweb.com\/index.php\/wp-json\/wp\/v2\/media\/54606"}],"wp:attachment":[{"href":"https:\/\/www.santacroceweb.com\/index.php\/wp-json\/wp\/v2\/media?parent=54605"}],"wp:term":[{"taxonomy":"category","embeddable":true,"href":"https:\/\/www.santacroceweb.com\/index.php\/wp-json\/wp\/v2\/categories?post=54605"},{"taxonomy":"post_tag","embeddable":true,"href":"https:\/\/www.santacroceweb.com\/index.php\/wp-json\/wp\/v2\/tags?post=54605"}],"curies":[{"name":"wp","href":"https:\/\/api.w.org\/{rel}","templated":true}]}}