{"id":54690,"date":"2018-01-14T11:01:25","date_gmt":"2018-01-14T10:01:25","guid":{"rendered":"http:\/\/www.santacroceweb.com\/giornale1\/?p=54690"},"modified":"2018-01-14T13:06:04","modified_gmt":"2018-01-14T12:06:04","slug":"opposizione-attacca-sulle-indennita-mandara-beneficenza-non-si-racconta","status":"publish","type":"post","link":"https:\/\/www.santacroceweb.com\/index.php\/2018\/01\/14\/opposizione-attacca-sulle-indennita-mandara-beneficenza-non-si-racconta\/","title":{"rendered":"Opposizione attacca sulle indennit\u00e0, Mandar\u00e0: &#8220;Beneficenza non si racconta&#8221;"},"content":{"rendered":"<p style=\"text-align: justify;\"><strong><span style=\"text-decoration: underline;\"><a href=\"https:\/\/www.santacroceweb.com\/giornale1\/index.php\/2017\/12\/19\/il-consiglio-ha-deciso-nasce-il-servizio-taxi-indennita-e-gettoni-scontro-in-aula\/\">Dopo le polemiche dell\u2019ultimo Consiglio comunale<\/a><\/span><\/strong>, in cui il gruppo d\u2019opposizione Liberi di Scegliere ha proposto di far scendere alla quota simbolica di tre euro il gettone di presenza dei consiglieri comunali e ha chiesto \u2013 contestualmente \u2013 che il presidente del Consiglio abbassasse la sua indennit\u00e0 a 800 euro mensili (oggi ne guadagna 1200 lordi, come previsto dalla Legge, ma gliene spettano la met\u00e0 dato che Mandar\u00e0 \u00e8 un dipendente pubblico), la questione \u00e8 tornata di moda. Come? Attraverso un cartellone esposto in piazza Vittorio Emanuele II nella giornata di ieri, a firma dei tre consiglieri d\u2019opposizione. Nulla di nuovo sotto il sole, ma la volont\u00e0 precisa di far sapere ai cittadini, anche coloro che non hanno partecipato al Consiglio o semplicemente non sono cos\u00ec avvezzi alle questioni amministrative, che a palazzo di Citt\u00e0 si guadagna \u201ctroppo\u201d. E che i soldi risparmiati potrebbero andare \u201ca sostegno delle famiglie bisognose di Santa Croce\u201d. E mentre il cartellone fa molto propaganda anni \u201990 \u2013 che piaccia o meno \u2013 il presidente del Consiglio Piero Mandar\u00e0 ha deciso di affidare la sua replica a Santa Croce Web:<\/p>\n<p style=\"text-align: justify;\">\u201cIn questi giorni c\u2019\u00e8 stato chi ha voluto fare un bel bagno di demagogia gridando allo scandalo perch\u00e9 \u2013 a suo dire \u2013 il sindaco e gli assessori e dopo ancora il presidente del Consiglio comunale si sarebbero aumentati lo \u201cstipendio\u201d. L\u2019accusa \u00e8 falsa e priva di ogni fondamento. N\u00e9 io, n\u00e9 il sindaco, n\u00e9 gli assessori \u2013 spiega Mandar\u00e0 \u2013 ci siamo fissati la paga a piacimento: \u00e8 la legge che definisce quanto ci spetta. Qui di seguito voglio fare chiarezza su tale tema in modo trasparente. Vero che nella precedente legislatura il Presidente del Consiglio comunale percepiva per intero la cifra di 800 euro, ma \u00e8 anche vero che attualmente il sottoscritto percepir\u00e0 (quando sar\u00e0 il momento e in ottemperanza della legge regionale 11\/2015) l&#8217;indennit\u00e0 di 1221,54 euro, dimezzata del 50% essendo un dipendente pubblico. Naturalmente queste cifre sono indicate al lordo e verranno poi tassate. Ne deriva che percepir\u00f2 circa 450 euro al mese.<\/p>\n<p style=\"text-align: justify;\">Mi pare ingannevole e non rispettoso dei ruoli istituzionali &#8211; che anche i membri dell\u2019opposizione ricoprono &#8211; usare questo tema a scopo sensazionalistico e per scandalizzare l\u2019opinione pubblica. Lascio che ciascuno valuti queste considerazioni e le cifre sopra esposte (oltre che il nostro impegno). Sia chiaro: nessuno di noi svolge il proprio incarico per questioni economiche. Chi riveste cariche pubbliche, se lo fa in maniera corretta e responsabile, ha diritto ad avere il giusto compenso (al di l\u00e0 di quelle che possono essere le valutazioni dei cittadini sulle scelte operate dagli amministratori). Spiegare tutto ci\u00f2 \u00e8 certamente pi\u00f9 faticoso che sparare accuse, gridare allo scandalo o fare facili moralismi. \u00a0Mi piacerebbe che tutte le persone che sono impegnate a favore della citt\u00e0 con un ruolo istituzionale siano le prime ad essere rispettose di questa dignit\u00e0, che \u00e8 un bene prezioso da custodire, non da violare. Mi auguro che le differenti idee e posizioni e le legittime critiche alle scelte fatte, possano trovare motivazioni ed argomentazioni che partano dalla verit\u00e0, non dal desiderio di denigrare l\u2019avversario.<\/p>\n<p style=\"text-align: justify;\">Per quanto riguarda invece la beneficenza ricordiamoci che il bene si fa in silenzio, tutto il resto \u00e8 palcoscenico. Esiste un decoro, esiste una dignit\u00e0, esiste il rispetto. Chi aiuta davvero lo fa in silenzio senza secchi n\u00e9 ciambelle. Prendendo spunto da una frase di Alexander Pope: \u2018Fai del bene di nascosto e arrossisci a vederlo divulgato\u2019\u201d.<\/p>\n<p style=\"text-align: justify;\"><span style=\"color: #ff0000;\"><strong>FRASCA: &#8220;ENNESIMO TENTATIVO DI STRUMENTALIZZAZIONE&#8221;<br \/>\n<\/strong><\/span>L\u2019assessore allo Sviluppo Economico, Filippo Frasca, interviene sulla vicenda: \u201cQuello del gruppo di opposizione \u00e8 l\u2019ennesimo tentativo di strumentalizzazione della realt\u00e0. I cittadini devono sapere \u2013 e il presidente del Consiglio ha gi\u00e0 rimarcato il concetto \u2013 che le indennit\u00e0 vengono fissate da una legge regionale cui noi semplicemente ci atteniamo. Non stiamo rubando soldi a nessuno. Anche il mio stipendio, per motivi legati al reddito, subisce una decurtazione del 41%. Guadagno quindi 700 euro nette. L\u2019opposizione, e chi \u00e8 stato seduto su quei banchi negli ultimi anni, invece, dovrebbe spiegarmi perch\u00e9 non ha vigilato sui debiti maturati dall\u2019Ente. Parlare di gettoni di presenza a tre euro \u00e8 una cosa di bassa lega. E\u2019 come se avessero una trave davanti agli occhi\u201d.<\/p>\n<p><img fetchpriority=\"high\" decoding=\"async\" class=\"alignnone size-full wp-image-54689 lazyload\" src=\"data:image\/gif;base64,R0lGODlhAQABAAAAACH5BAEKAAEALAAAAAABAAEAAAICTAEAOw==\" data-src=\"https:\/\/www.santacroceweb.com\/giornale1\/wp-content\/uploads\/2018\/01\/IMG_20180114_102727.jpg\" alt=\"\" width=\"2000\" height=\"1500\" data-sizes=\"auto\" data-srcset=\"https:\/\/www.santacroceweb.com\/giornale1\/wp-content\/uploads\/2018\/01\/IMG_20180114_102727.jpg 2000w, https:\/\/www.santacroceweb.com\/giornale1\/wp-content\/uploads\/2018\/01\/IMG_20180114_102727-300x225.jpg 300w, https:\/\/www.santacroceweb.com\/giornale1\/wp-content\/uploads\/2018\/01\/IMG_20180114_102727-768x576.jpg 768w, https:\/\/www.santacroceweb.com\/giornale1\/wp-content\/uploads\/2018\/01\/IMG_20180114_102727-1024x768.jpg 1024w, https:\/\/www.santacroceweb.com\/giornale1\/wp-content\/uploads\/2018\/01\/IMG_20180114_102727-86x64.jpg 86w\" sizes=\"(max-width: 2000px) 100vw, 2000px\" \/><\/p>\n","protected":false},"excerpt":{"rendered":"<p>Dopo le polemiche dell\u2019ultimo Consiglio comunale, in cui il gruppo d\u2019opposizione Liberi di Scegliere ha proposto di far scendere alla quota simbolica di tre euro il gettone di presenza dei consiglieri comunali e ha chiesto \u2013 contestualmente \u2013 che il presidente del Consiglio abbassasse la sua indennit\u00e0 a 800 euro mensili (oggi ne guadagna 1200 [&hellip;]<\/p>\n","protected":false},"author":34,"featured_media":54689,"comment_status":"open","ping_status":"open","sticky":false,"template":"","format":"standard","meta":{"footnotes":""},"categories":[4,11],"tags":[],"class_list":["post-54690","post","type-post","status-publish","format-standard","has-post-thumbnail","hentry","category-politica","category-primopiano"],"_links":{"self":[{"href":"https:\/\/www.santacroceweb.com\/index.php\/wp-json\/wp\/v2\/posts\/54690","targetHints":{"allow":["GET"]}}],"collection":[{"href":"https:\/\/www.santacroceweb.com\/index.php\/wp-json\/wp\/v2\/posts"}],"about":[{"href":"https:\/\/www.santacroceweb.com\/index.php\/wp-json\/wp\/v2\/types\/post"}],"author":[{"embeddable":true,"href":"https:\/\/www.santacroceweb.com\/index.php\/wp-json\/wp\/v2\/users\/34"}],"replies":[{"embeddable":true,"href":"https:\/\/www.santacroceweb.com\/index.php\/wp-json\/wp\/v2\/comments?post=54690"}],"version-history":[{"count":0,"href":"https:\/\/www.santacroceweb.com\/index.php\/wp-json\/wp\/v2\/posts\/54690\/revisions"}],"wp:featuredmedia":[{"embeddable":true,"href":"https:\/\/www.santacroceweb.com\/index.php\/wp-json\/wp\/v2\/media\/54689"}],"wp:attachment":[{"href":"https:\/\/www.santacroceweb.com\/index.php\/wp-json\/wp\/v2\/media?parent=54690"}],"wp:term":[{"taxonomy":"category","embeddable":true,"href":"https:\/\/www.santacroceweb.com\/index.php\/wp-json\/wp\/v2\/categories?post=54690"},{"taxonomy":"post_tag","embeddable":true,"href":"https:\/\/www.santacroceweb.com\/index.php\/wp-json\/wp\/v2\/tags?post=54690"}],"curies":[{"name":"wp","href":"https:\/\/api.w.org\/{rel}","templated":true}]}}