{"id":55307,"date":"2018-01-30T17:39:50","date_gmt":"2018-01-30T16:39:50","guid":{"rendered":"http:\/\/www.santacroceweb.com\/giornale1\/?p=55307"},"modified":"2018-01-30T17:39:50","modified_gmt":"2018-01-30T16:39:50","slug":"belice-50-anni-dopo-in-biblioteca-il-documentario-di-domenico-occhipinti","status":"publish","type":"post","link":"https:\/\/www.santacroceweb.com\/index.php\/2018\/01\/30\/belice-50-anni-dopo-in-biblioteca-il-documentario-di-domenico-occhipinti\/","title":{"rendered":"Belice, 50 anni dopo: in biblioteca il documentario di Domenico Occhipinti"},"content":{"rendered":"<p style=\"text-align: justify;\">Sabato 3 febbraio, alle ore 17.30 presso la Biblioteca Comunale \u201cGiovanni Verga\u201d di Santa Croce Camerina l\u2019associazione culturale Libera\u2026Mente propone un appuntamento legato a una ricorrenza storica e tragica che ha interessato la Sicilia Occidentale. Il 50esimo anniversario del terremoto del Belice, avvenuto il 15 gennaio 1968, \u00e8 stato ricordato in questi giorni proprio nelle zone colpite e nel corso dell\u2019anno saranno diversi gli appuntamenti con la memoria che i 21 Comuni di quella valle hanno previsto.<\/p>\n<p style=\"text-align: justify;\"><strong>Il 3 febbraio sar\u00e0 proiettato, per la prima volta in forma integrale (30 minuti), il documentario realizzato dai santacrocesi \u00a0Domenico Occhipinti e Guglielmo Distefano dal titolo \u201c15 gennaio 2018, il Bel\u00ecce a mezzo secolo dal terremoto\u201d<\/strong>. Un estratto di questo lavoro che i due autori hanno realizzato in meno di due mesi, \u00e8 stato inserito e proiettato durante le celebrazioni ufficiali del 14 gennaio scorso a Partanna alla presenza del Presidente della Repubblica Sergio Mattarella, il governatore Nello Musumeci e altre autorit\u00e0 militari e religiose. \u201cUn motivo d\u2019orgoglio per me \u2013 dice il giornalista Domenico Occhipinti \u2013 l\u2019aver portato quello che \u00e8 il mio primo documentario, davanti agli occhi della gente del Bel\u00ecce, che quella tragedia l\u2019hanno vissuta sulla pelle e la portano ancora dentro. La presenza del Capo dello Stato ha sicuramente posto l\u2019accento sulle celebrazioni che sono state un modo per ricordare quanto, eventi del genere, ci trovino impreparati ma anche quanta solidariet\u00e0 si attivi sin dal primo minuto. Con Guglielmo Distefano che mi ha affiancato in questo lavoro, dapprima di ricerca, poi di documentazione video, abbiamo raccolto gli interventi di sopravvissuti, volontari che hanno salvato vite, giornalisti come Piero Angela o Corradino Mineo che, con ruoli diversi, hanno voluto rivivere quei giorni e poi ancora l\u2019editore Ottavio Navarra, il giornalista Tony Zermo e lo storico dell\u2019arte Tanino Bonifacio. Sicuramente toccanti le due storie cardine di questo documentario: quella del \u201cGes\u00f9 bambino di Gibellina\u201d e quella pi\u00f9 nota e tragica di \u201cCudduredda\u201d. L\u2019abbiamo voluto titolare \u201c15 gennaio 2018\u2026\u201d per rivolgere lo sguardo a ci\u00f2 che \u00e8 oggi il Bel\u00ecce, un segnale di speranza che gli stessi intervistati si sono sentiti in dovere sentono di lanciare verso tutti noi\u201d.<\/p>\n<p style=\"text-align: justify;\"><strong>Domenico Occhipinti, nelle vesti di regista e Guglielmo Distefano, direttore della fotografia, saranno intervistati da Alessia Cataudella<\/strong>, corrispondente de \u201cLa Sicilia\u201d e racconteranno le fasi che li hanno portati a intraprendere questo progetto e \u00a0il trasporto umano e la fiducia che la gente di quei luoghi, soprattutto alcuni intervistati, ha saputo riporre in loro. Non mancher\u00e0 anche un piccolo richiamo alla solidariet\u00e0 che dalla nostra provincia, anche dal nostro paese, giunse fin l\u00ec anche nei giorni appena successivi alle tremende scosse che fecero circa 400 morti, migliaia di feriti e circa 100mila sfollati. Un appuntamento con la \u201cdocumentazione storica\u201d che Libera\u2026Mente, con il patrocinio del Comune di Santa Croce Camerina, presenter\u00e0 sabato pomeriggio, 3 febbraio alle ore 17.30.<\/p>\n<p><img fetchpriority=\"high\" decoding=\"async\" class=\"alignnone size-full wp-image-55308 lazyload\" src=\"data:image\/gif;base64,R0lGODlhAQABAAAAACH5BAEKAAEALAAAAAABAAEAAAICTAEAOw==\" data-src=\"https:\/\/www.santacroceweb.com\/giornale1\/wp-content\/uploads\/2018\/01\/belice.jpg\" alt=\"\" width=\"595\" height=\"842\" data-sizes=\"auto\" data-srcset=\"https:\/\/www.santacroceweb.com\/giornale1\/wp-content\/uploads\/2018\/01\/belice.jpg 595w, https:\/\/www.santacroceweb.com\/giornale1\/wp-content\/uploads\/2018\/01\/belice-212x300.jpg 212w\" sizes=\"(max-width: 595px) 100vw, 595px\" \/><\/p>\n","protected":false},"excerpt":{"rendered":"<p>Sabato 3 febbraio, alle ore 17.30 presso la Biblioteca Comunale \u201cGiovanni Verga\u201d di Santa Croce Camerina l\u2019associazione culturale Libera\u2026Mente propone un appuntamento legato a una ricorrenza storica e tragica che ha interessato la Sicilia Occidentale. Il 50esimo anniversario del terremoto del Belice, avvenuto il 15 gennaio 1968, \u00e8 stato ricordato in questi giorni proprio nelle [&hellip;]<\/p>\n","protected":false},"author":34,"featured_media":55309,"comment_status":"open","ping_status":"open","sticky":false,"template":"","format":"standard","meta":{"footnotes":""},"categories":[6],"tags":[],"class_list":["post-55307","post","type-post","status-publish","format-standard","has-post-thumbnail","hentry","category-culturaespettacolo"],"_links":{"self":[{"href":"https:\/\/www.santacroceweb.com\/index.php\/wp-json\/wp\/v2\/posts\/55307","targetHints":{"allow":["GET"]}}],"collection":[{"href":"https:\/\/www.santacroceweb.com\/index.php\/wp-json\/wp\/v2\/posts"}],"about":[{"href":"https:\/\/www.santacroceweb.com\/index.php\/wp-json\/wp\/v2\/types\/post"}],"author":[{"embeddable":true,"href":"https:\/\/www.santacroceweb.com\/index.php\/wp-json\/wp\/v2\/users\/34"}],"replies":[{"embeddable":true,"href":"https:\/\/www.santacroceweb.com\/index.php\/wp-json\/wp\/v2\/comments?post=55307"}],"version-history":[{"count":0,"href":"https:\/\/www.santacroceweb.com\/index.php\/wp-json\/wp\/v2\/posts\/55307\/revisions"}],"wp:featuredmedia":[{"embeddable":true,"href":"https:\/\/www.santacroceweb.com\/index.php\/wp-json\/wp\/v2\/media\/55309"}],"wp:attachment":[{"href":"https:\/\/www.santacroceweb.com\/index.php\/wp-json\/wp\/v2\/media?parent=55307"}],"wp:term":[{"taxonomy":"category","embeddable":true,"href":"https:\/\/www.santacroceweb.com\/index.php\/wp-json\/wp\/v2\/categories?post=55307"},{"taxonomy":"post_tag","embeddable":true,"href":"https:\/\/www.santacroceweb.com\/index.php\/wp-json\/wp\/v2\/tags?post=55307"}],"curies":[{"name":"wp","href":"https:\/\/api.w.org\/{rel}","templated":true}]}}