{"id":55556,"date":"2018-02-11T08:56:26","date_gmt":"2018-02-11T07:56:26","guid":{"rendered":"http:\/\/www.santacroceweb.com\/giornale1\/?p=55556"},"modified":"2018-02-11T10:43:41","modified_gmt":"2018-02-11T09:43:41","slug":"il-sindaco-verificare-tariffe-idriche-mandara-cambiamo-il-regolamento","status":"publish","type":"post","link":"https:\/\/www.santacroceweb.com\/index.php\/2018\/02\/11\/il-sindaco-verificare-tariffe-idriche-mandara-cambiamo-il-regolamento\/","title":{"rendered":"Il sindaco: &#8220;Verificare tariffe idriche&#8221;. Mandar\u00e0: &#8220;Cambiamo il regolamento&#8221;"},"content":{"rendered":"<p style=\"text-align: justify;\">All\u2019indomani dell\u2019<span style=\"text-decoration: underline;\"><strong><a href=\"https:\/\/www.santacroceweb.com\/giornale1\/index.php\/2018\/02\/10\/caro-acqua-interviene-liberi-di-scegliere-interrogazione-al-sindaco\/\">interrogazione presentata dai tre consiglieri del gruppo \u201cLiberi di Scegliere\u201d<\/a><\/strong><\/span>, e il contestuale ingresso a gamba tesa sull\u2019Amministrazione comunale (anche dalle altre opposizioni), il sindaco Giovanni Barone e il presidente del Consiglio Piero Mandar\u00e0 affrontano il tema del caro acqua e delle bollette salatissime che in questi giorni sono state recapitate agli utenti del servizio idrico integrato. \u201cGi\u00e0 da luned\u00ec \u2013 spiega il sindaco Barone \u2013 l\u2019Amministrazione si attiver\u00e0 con gli uffici competenti, con i suoi avvocati e i suoi tributaristi di fiducia, in collaborazione con la Mediale srl, per una verifica del piano tariffario applicato nelle ultime bollette. A chi lamenta la mancata apertura di uno sportello comunale legato ai problemi con la Mediale, voglio ribadire che i cittadini \u2013 da sempre \u2013 possono recarsi presso l\u2019Ufficio tecnico e l\u2019Ufficio contratti per avere tutte le spiegazioni in materia di servizio idrico\u201d.<\/p>\n<p style=\"text-align: justify;\"><strong>Il Circolo Meridiana ha accusato Barone, e i componenti della sua squadra, di aver promesso in campagna elettorale l\u2019abbattimento delle tariffe:<\/strong> \u201cNoto, per l\u2019ennesima volta, il tentativo di far leva su una questione di malessere della cittadinanza per buttarla in caciara politica \u2013 precisa il sindaco \u2013. Non abbiamo mai detto che avremmo abbassato le tariffe idriche. Bisogna garantire a Mediale il pagamento di quanto dovuto, in base al contratto sottoscritto nel &#8217;98. Se la ditta dovesse incassare un solo euro in pi\u00f9, quell\u2019euro andrebbe in conguaglio negativo per l\u2019anno successivo. Chi, dal &#8217;98 in avanti, \u00e8 stato corresponsabile di quanto \u00e8 avvenuto con la Mediale, non pu\u00f2 ergersi oggi a censore dell\u2019operato di questa Amministrazione, che ha ricevuto tutti i problemi in eredit\u00e0 e si impegna a risolverli nel migliore dei modi e in favore dei cittadini. Chiederemo comunque la rateizzazione d&#8217;ufficio per tutte le situazioni pi\u00f9 grave, anche se la gente potr\u00e0 scegliere comunque di pagare in un&#8217;unica soluzione\u201d.<\/p>\n<p><iframe src=\"https:\/\/www.youtube.com\/embed\/1ILqL-jTsBQ\" width=\"560\" height=\"315\" frameborder=\"0\" allowfullscreen=\"allowfullscreen\"><\/iframe><\/p>\n<p style=\"text-align: justify;\"><strong>Sollecitato anche sul condominio di via Rossini, cui venne sospesa la fornitura dell&#8217;acqua, il sindaco ribatte:<\/strong> &#8220;Gi\u00e0 sei mesi fa, per la prima volta, chiesi alla Mediale di ripristinare il servizio, cosa che puntualmente avvenne. Anche in questo caso, parliamo di pochi giorni fa, ho scritto alla ditta chiedendo di riaprire l&#8217;acqua. Nel contempo \u00e8 intervenuta la magistratura che, dando seguito al dispositivo ex art. 700 del Codice civile, ha disposto di riprendere immediatamente l&#8217;erogazione, in attesa della sentenza prevista per il 20 febbraio. Ma questo i consiglieri comunali d&#8217;opposizione dovrebbero gi\u00e0 saperlo&#8221;.<\/p>\n<p style=\"text-align: justify;\"><strong>Nello scorso agosto, inoltre, il Consiglio comunale ha preso atto, approvando una delibera, dell\u2019adeguamento delle tariffe idriche. L\u2019opposizione, all\u2019epoca, scelse di astenersi:<\/strong> \u201cQuello del Consiglio comunale \u2013 spiega il presidente Piero Mandar\u00e0 \u2013 \u00e8 stato un gesto di responsabilit\u00e0 nei confronti della citt\u00e0 e dei santacrocesi. Se avessimo ritardato ulteriormente un atto che veniva rimandato gi\u00e0 dal 2015, gli utenti, fra un anno o due, si sarebbero ritrovati in bolletta una cifra spaventosa. Chi ci ha preceduto non \u00e8 stato lungimirante e responsabile come lo siamo stati noi. Le tariffe sono state aumentate dall&#8217;Autorit\u00e0 nazionale, non dal Consiglio. E chi polemizza su questa vicenda lo fa in mala fede. Cercheremo comunque di essere vicini, sia a livello di interlocuzione che operativamente, ai cittadini di Santa Croce. Dal gruppo di maggioranza partir\u00e0 la proposta di una revisione del regolamento che anche l\u2019opposizione sar\u00e0 invitata a votare. La strumentalizzazione di un passaggio cos\u00ec delicato della vita pubblica non fa onore ai suoi artefici\u201d.<\/p>\n","protected":false},"excerpt":{"rendered":"<p>All\u2019indomani dell\u2019interrogazione presentata dai tre consiglieri del gruppo \u201cLiberi di Scegliere\u201d, e il contestuale ingresso a gamba tesa sull\u2019Amministrazione comunale (anche dalle altre opposizioni), il sindaco Giovanni Barone e il presidente del Consiglio Piero Mandar\u00e0 affrontano il tema del caro acqua e delle bollette salatissime che in questi giorni sono state recapitate agli utenti del [&hellip;]<\/p>\n","protected":false},"author":34,"featured_media":50098,"comment_status":"open","ping_status":"open","sticky":false,"template":"","format":"standard","meta":{"footnotes":""},"categories":[4,11],"tags":[],"class_list":["post-55556","post","type-post","status-publish","format-standard","has-post-thumbnail","hentry","category-politica","category-primopiano"],"_links":{"self":[{"href":"https:\/\/www.santacroceweb.com\/index.php\/wp-json\/wp\/v2\/posts\/55556","targetHints":{"allow":["GET"]}}],"collection":[{"href":"https:\/\/www.santacroceweb.com\/index.php\/wp-json\/wp\/v2\/posts"}],"about":[{"href":"https:\/\/www.santacroceweb.com\/index.php\/wp-json\/wp\/v2\/types\/post"}],"author":[{"embeddable":true,"href":"https:\/\/www.santacroceweb.com\/index.php\/wp-json\/wp\/v2\/users\/34"}],"replies":[{"embeddable":true,"href":"https:\/\/www.santacroceweb.com\/index.php\/wp-json\/wp\/v2\/comments?post=55556"}],"version-history":[{"count":0,"href":"https:\/\/www.santacroceweb.com\/index.php\/wp-json\/wp\/v2\/posts\/55556\/revisions"}],"wp:featuredmedia":[{"embeddable":true,"href":"https:\/\/www.santacroceweb.com\/index.php\/wp-json\/wp\/v2\/media\/50098"}],"wp:attachment":[{"href":"https:\/\/www.santacroceweb.com\/index.php\/wp-json\/wp\/v2\/media?parent=55556"}],"wp:term":[{"taxonomy":"category","embeddable":true,"href":"https:\/\/www.santacroceweb.com\/index.php\/wp-json\/wp\/v2\/categories?post=55556"},{"taxonomy":"post_tag","embeddable":true,"href":"https:\/\/www.santacroceweb.com\/index.php\/wp-json\/wp\/v2\/tags?post=55556"}],"curies":[{"name":"wp","href":"https:\/\/api.w.org\/{rel}","templated":true}]}}