{"id":55612,"date":"2018-02-13T09:50:14","date_gmt":"2018-02-13T08:50:14","guid":{"rendered":"http:\/\/www.santacroceweb.com\/giornale1\/?p=55612"},"modified":"2018-02-13T09:50:14","modified_gmt":"2018-02-13T08:50:14","slug":"giornata-del-malato-la-messa-e-stata-celebrata-dal-direttore-della-pastorale","status":"publish","type":"post","link":"https:\/\/www.santacroceweb.com\/index.php\/2018\/02\/13\/giornata-del-malato-la-messa-e-stata-celebrata-dal-direttore-della-pastorale\/","title":{"rendered":"Giornata del Malato: la messa \u00e8 stata celebrata dal direttore della Pastorale"},"content":{"rendered":"<p style=\"text-align: justify;\">Domenica 11 febbraio in occasione della XXVI Giornata diocesana del Malato, presso la Parrocchia San Giovanni Battista di Santa Croce Camerina si \u00e8 celebrata una Santa Messa con rito dell\u2019Unzione degli Infermi. Per l&#8217;occasione la Messa \u00e8 stata celebrata dal direttore della Pastorale Don Giorgio Occhipinti.<\/p>\n<p style=\"text-align: justify;\"><strong>L&#8217;Ufficio della Pastorale della Salute ha il compito specifico di studiare le linee pastorali diocesane nel campo della sanit\u00e0 e della salute<\/strong>, di sensibilizzare le comunit\u00e0 cristiane su tale tema, di coordinare le iniziative riguardanti la formazione e l\u2019aggiornamento di quanti operano nel settore, di seguire lo studio dei progetti di legge in materia sanitaria. Il direttore dell\u2019ufficio \u00e8 il delegato diocesano per la pastorale della salute che \u00e8 nominato dal vescovo. Egli \u00e8 il responsabile dell\u2019attuazione della pastorale della salute in ambito diocesano e ha il compito di coordinare tutte le attivit\u00e0 e iniziative che ad essa possano o debbano essere riconosciute. Per l&#8217;occasione l&#8217;ufficio desidera ringraziare per la collaborazione l&#8217;Amministrazione Comunale per aver aver consentito la sosta dei mezzi che hanno accompagnato gli ammalati in chiesa e l&#8217;AVS per aver accompagnato in chiesa circa 15 ammalati.<\/p>\n<p>&nbsp;<\/p>\n","protected":false},"excerpt":{"rendered":"<p>Domenica 11 febbraio in occasione della XXVI Giornata diocesana del Malato, presso la Parrocchia San Giovanni Battista di Santa Croce Camerina si \u00e8 celebrata una Santa Messa con rito dell\u2019Unzione degli Infermi. Per l&#8217;occasione la Messa \u00e8 stata celebrata dal direttore della Pastorale Don Giorgio Occhipinti. L&#8217;Ufficio della Pastorale della Salute ha il compito specifico [&hellip;]<\/p>\n","protected":false},"author":34,"featured_media":55613,"comment_status":"open","ping_status":"open","sticky":false,"template":"","format":"standard","meta":{"footnotes":""},"categories":[8],"tags":[],"class_list":["post-55612","post","type-post","status-publish","format-standard","has-post-thumbnail","hentry","category-attualita"],"_links":{"self":[{"href":"https:\/\/www.santacroceweb.com\/index.php\/wp-json\/wp\/v2\/posts\/55612","targetHints":{"allow":["GET"]}}],"collection":[{"href":"https:\/\/www.santacroceweb.com\/index.php\/wp-json\/wp\/v2\/posts"}],"about":[{"href":"https:\/\/www.santacroceweb.com\/index.php\/wp-json\/wp\/v2\/types\/post"}],"author":[{"embeddable":true,"href":"https:\/\/www.santacroceweb.com\/index.php\/wp-json\/wp\/v2\/users\/34"}],"replies":[{"embeddable":true,"href":"https:\/\/www.santacroceweb.com\/index.php\/wp-json\/wp\/v2\/comments?post=55612"}],"version-history":[{"count":0,"href":"https:\/\/www.santacroceweb.com\/index.php\/wp-json\/wp\/v2\/posts\/55612\/revisions"}],"wp:featuredmedia":[{"embeddable":true,"href":"https:\/\/www.santacroceweb.com\/index.php\/wp-json\/wp\/v2\/media\/55613"}],"wp:attachment":[{"href":"https:\/\/www.santacroceweb.com\/index.php\/wp-json\/wp\/v2\/media?parent=55612"}],"wp:term":[{"taxonomy":"category","embeddable":true,"href":"https:\/\/www.santacroceweb.com\/index.php\/wp-json\/wp\/v2\/categories?post=55612"},{"taxonomy":"post_tag","embeddable":true,"href":"https:\/\/www.santacroceweb.com\/index.php\/wp-json\/wp\/v2\/tags?post=55612"}],"curies":[{"name":"wp","href":"https:\/\/api.w.org\/{rel}","templated":true}]}}