{"id":55878,"date":"2018-02-26T11:06:17","date_gmt":"2018-02-26T10:06:17","guid":{"rendered":"http:\/\/www.santacroceweb.com\/giornale1\/?p=55878"},"modified":"2018-02-26T11:06:17","modified_gmt":"2018-02-26T10:06:17","slug":"avs-assemblea-dei-soci-in-biblioteca-e-stagione-del-cambiamento","status":"publish","type":"post","link":"https:\/\/www.santacroceweb.com\/index.php\/2018\/02\/26\/avs-assemblea-dei-soci-in-biblioteca-e-stagione-del-cambiamento\/","title":{"rendered":"Avs, assemblea dei soci in biblioteca: &#8220;E&#8217; stagione del cambiamento&#8221;"},"content":{"rendered":"<p style=\"text-align: justify;\">Si \u00e8 tenuta in biblioteca l&#8217;assemblea dei soci dell&#8217;Avs. L\u2019Associazione volontari del soccorso di Santa Croce si occupa da quasi trent&#8217;anni di servizi socio-sanitari, di logistica e di tutto ci\u00f2 che riguarda la protezione civile. \u201cQuest&#8217;anno \u00e8 particolare &#8211; dice il presidente Rosario Salemi &#8211; perch\u00e9 siamo dentro il cambiamento, non solo per aver cambiato sede ed esserci trasferiti presso il mercato ortofrutticolo in locazione gratuita, ma anche perch\u00e9 <strong>la riforma del terzo settore ci porta ad una nuova visione e utilizzo\u00a0del 5 per mille, servizio civile nazionale<\/strong>. Sar\u00e0 necessaria\u00a0la partecipazione ai bandi per la guardia medica estiva e tutte quelle attivit\u00e0 che ci hanno reso vicini ai bisogni della collettivit\u00e0 santacrocese ed alla citt\u00e0\u201d. Per il direttore sanitario\u00a0Giuseppe Cascone \u201ctutte le attivit\u00e0 di sostegno agli enti pubblici, quali gli interventi per assistenza sanitaria in ambulanza per gli sbarchi di immigrati presso il porto di Pozzallo assieme al trasporto disabili, emodializzati e le iniziative a sostegno alla lotta alla sclerosi multipla, sono servite e servono rendere pi\u00f9 civile Santa Croce Camerina\u201d.<\/p>\n","protected":false},"excerpt":{"rendered":"<p>Si \u00e8 tenuta in biblioteca l&#8217;assemblea dei soci dell&#8217;Avs. L\u2019Associazione volontari del soccorso di Santa Croce si occupa da quasi trent&#8217;anni di servizi socio-sanitari, di logistica e di tutto ci\u00f2 che riguarda la protezione civile. \u201cQuest&#8217;anno \u00e8 particolare &#8211; dice il presidente Rosario Salemi &#8211; perch\u00e9 siamo dentro il cambiamento, non solo per aver cambiato [&hellip;]<\/p>\n","protected":false},"author":26,"featured_media":55879,"comment_status":"open","ping_status":"open","sticky":false,"template":"","format":"standard","meta":{"footnotes":""},"categories":[8],"tags":[],"class_list":["post-55878","post","type-post","status-publish","format-standard","has-post-thumbnail","hentry","category-attualita"],"_links":{"self":[{"href":"https:\/\/www.santacroceweb.com\/index.php\/wp-json\/wp\/v2\/posts\/55878","targetHints":{"allow":["GET"]}}],"collection":[{"href":"https:\/\/www.santacroceweb.com\/index.php\/wp-json\/wp\/v2\/posts"}],"about":[{"href":"https:\/\/www.santacroceweb.com\/index.php\/wp-json\/wp\/v2\/types\/post"}],"author":[{"embeddable":true,"href":"https:\/\/www.santacroceweb.com\/index.php\/wp-json\/wp\/v2\/users\/26"}],"replies":[{"embeddable":true,"href":"https:\/\/www.santacroceweb.com\/index.php\/wp-json\/wp\/v2\/comments?post=55878"}],"version-history":[{"count":0,"href":"https:\/\/www.santacroceweb.com\/index.php\/wp-json\/wp\/v2\/posts\/55878\/revisions"}],"wp:featuredmedia":[{"embeddable":true,"href":"https:\/\/www.santacroceweb.com\/index.php\/wp-json\/wp\/v2\/media\/55879"}],"wp:attachment":[{"href":"https:\/\/www.santacroceweb.com\/index.php\/wp-json\/wp\/v2\/media?parent=55878"}],"wp:term":[{"taxonomy":"category","embeddable":true,"href":"https:\/\/www.santacroceweb.com\/index.php\/wp-json\/wp\/v2\/categories?post=55878"},{"taxonomy":"post_tag","embeddable":true,"href":"https:\/\/www.santacroceweb.com\/index.php\/wp-json\/wp\/v2\/tags?post=55878"}],"curies":[{"name":"wp","href":"https:\/\/api.w.org\/{rel}","templated":true}]}}