{"id":56445,"date":"2018-03-16T08:39:59","date_gmt":"2018-03-16T07:39:59","guid":{"rendered":"http:\/\/www.santacroceweb.com\/giornale1\/?p=56445"},"modified":"2018-03-20T11:01:39","modified_gmt":"2018-03-20T10:01:39","slug":"i-produttori-ripartono-da-via-rinzivillo-inaugurata-fiera-di-s-giuseppe-video","status":"publish","type":"post","link":"https:\/\/www.santacroceweb.com\/index.php\/2018\/03\/16\/i-produttori-ripartono-da-via-rinzivillo-inaugurata-fiera-di-s-giuseppe-video\/","title":{"rendered":"I produttori ripartono da via Rinzivillo: inaugurata fiera di S.Giuseppe <font color=red>VIDEO<\/font>"},"content":{"rendered":"<p style=\"text-align: justify;\">Fiori, ortaggi e fragole. Colori, profumi e, tra poco, anche sapori. E\u2019 stata inaugurata ieri sera, in via Rinzivillo, la 1\u00b0 Fiera di San Giuseppe. L\u2019edizione inaugurale dell\u2019evento voluto dall\u2019Amministrazione comunale di Santa Croce Camerina si accompagna alla 15.ma esposizione ortoflorovivaistica ed enogastronomica, che mette in vetrina le eccellenze del territorio santacrocese. Tanti produttori agricoli, in occasione dei festeggiamenti del santo patrono, hanno scelto di esserci per portare la testimonianza di un mondo che, nonostante le difficolt\u00e0, si rigenera e combatte. E continua a offrire il meglio sotto il profilo della qualit\u00e0 e della salubrit\u00e0.<\/p>\n<div id='gallery-1' class='gallery galleryid-56445 gallery-columns-3 gallery-size-thumbnail'><figure class='gallery-item'>\n\t\t\t<div class='gallery-icon landscape'>\n\t\t\t\t<a href='https:\/\/www.santacroceweb.com\/index.php\/2018\/03\/16\/i-produttori-ripartono-da-via-rinzivillo-inaugurata-fiera-di-s-giuseppe-video\/_dsc4331\/'><img decoding=\"async\" width=\"150\" height=\"150\" src=\"https:\/\/www.santacroceweb.com\/giornale1\/wp-content\/uploads\/2018\/03\/DSC4331.jpg\" class=\"attachment-thumbnail size-thumbnail jl-lazyload lazyload\" alt=\"\" data-src=\"https:\/\/www.santacroceweb.com\/giornale1\/wp-content\/uploads\/2018\/03\/DSC4331-150x150.jpg\" \/><\/a>\n\t\t\t<\/div><\/figure><figure class='gallery-item'>\n\t\t\t<div class='gallery-icon landscape'>\n\t\t\t\t<a href='https:\/\/www.santacroceweb.com\/index.php\/2018\/03\/16\/i-produttori-ripartono-da-via-rinzivillo-inaugurata-fiera-di-s-giuseppe-video\/_dsc4334\/'><img decoding=\"async\" width=\"150\" height=\"150\" src=\"https:\/\/www.santacroceweb.com\/giornale1\/wp-content\/uploads\/2018\/03\/DSC4334.jpg\" class=\"attachment-thumbnail size-thumbnail jl-lazyload lazyload\" alt=\"\" data-src=\"https:\/\/www.santacroceweb.com\/giornale1\/wp-content\/uploads\/2018\/03\/DSC4334-150x150.jpg\" \/><\/a>\n\t\t\t<\/div><\/figure><figure class='gallery-item'>\n\t\t\t<div class='gallery-icon landscape'>\n\t\t\t\t<a href='https:\/\/www.santacroceweb.com\/index.php\/2018\/03\/16\/i-produttori-ripartono-da-via-rinzivillo-inaugurata-fiera-di-s-giuseppe-video\/_dsc4355\/'><img decoding=\"async\" width=\"150\" height=\"150\" src=\"https:\/\/www.santacroceweb.com\/giornale1\/wp-content\/uploads\/2018\/03\/DSC4355.jpg\" class=\"attachment-thumbnail size-thumbnail jl-lazyload lazyload\" alt=\"\" data-src=\"https:\/\/www.santacroceweb.com\/giornale1\/wp-content\/uploads\/2018\/03\/DSC4355-150x150.jpg\" \/><\/a>\n\t\t\t<\/div><\/figure><figure class='gallery-item'>\n\t\t\t<div class='gallery-icon landscape'>\n\t\t\t\t<a href='https:\/\/www.santacroceweb.com\/index.php\/2018\/03\/16\/i-produttori-ripartono-da-via-rinzivillo-inaugurata-fiera-di-s-giuseppe-video\/_dsc4361\/'><img loading=\"lazy\" decoding=\"async\" width=\"150\" height=\"150\" src=\"https:\/\/www.santacroceweb.com\/giornale1\/wp-content\/uploads\/2018\/03\/DSC4361.jpg\" class=\"attachment-thumbnail size-thumbnail jl-lazyload lazyload\" alt=\"\" data-src=\"https:\/\/www.santacroceweb.com\/giornale1\/wp-content\/uploads\/2018\/03\/DSC4361-150x150.jpg\" \/><\/a>\n\t\t\t<\/div><\/figure><figure class='gallery-item'>\n\t\t\t<div class='gallery-icon landscape'>\n\t\t\t\t<a href='https:\/\/www.santacroceweb.com\/index.php\/2018\/03\/16\/i-produttori-ripartono-da-via-rinzivillo-inaugurata-fiera-di-s-giuseppe-video\/_dsc4367\/'><img loading=\"lazy\" decoding=\"async\" width=\"150\" height=\"150\" src=\"https:\/\/www.santacroceweb.com\/giornale1\/wp-content\/uploads\/2018\/03\/DSC4367.jpg\" class=\"attachment-thumbnail size-thumbnail jl-lazyload lazyload\" alt=\"\" data-src=\"https:\/\/www.santacroceweb.com\/giornale1\/wp-content\/uploads\/2018\/03\/DSC4367-150x150.jpg\" \/><\/a>\n\t\t\t<\/div><\/figure><figure class='gallery-item'>\n\t\t\t<div class='gallery-icon landscape'>\n\t\t\t\t<a href='https:\/\/www.santacroceweb.com\/index.php\/2018\/03\/16\/i-produttori-ripartono-da-via-rinzivillo-inaugurata-fiera-di-s-giuseppe-video\/_dsc4370\/'><img loading=\"lazy\" decoding=\"async\" width=\"150\" height=\"150\" src=\"https:\/\/www.santacroceweb.com\/giornale1\/wp-content\/uploads\/2018\/03\/DSC4370.jpg\" class=\"attachment-thumbnail size-thumbnail jl-lazyload lazyload\" alt=\"\" data-src=\"https:\/\/www.santacroceweb.com\/giornale1\/wp-content\/uploads\/2018\/03\/DSC4370-150x150.jpg\" \/><\/a>\n\t\t\t<\/div><\/figure><figure class='gallery-item'>\n\t\t\t<div class='gallery-icon landscape'>\n\t\t\t\t<a href='https:\/\/www.santacroceweb.com\/index.php\/2018\/03\/16\/i-produttori-ripartono-da-via-rinzivillo-inaugurata-fiera-di-s-giuseppe-video\/_dsc4383\/'><img loading=\"lazy\" decoding=\"async\" width=\"150\" height=\"150\" src=\"https:\/\/www.santacroceweb.com\/giornale1\/wp-content\/uploads\/2018\/03\/DSC4383.jpg\" class=\"attachment-thumbnail size-thumbnail jl-lazyload lazyload\" alt=\"\" data-src=\"https:\/\/www.santacroceweb.com\/giornale1\/wp-content\/uploads\/2018\/03\/DSC4383-150x150.jpg\" \/><\/a>\n\t\t\t<\/div><\/figure><figure class='gallery-item'>\n\t\t\t<div class='gallery-icon landscape'>\n\t\t\t\t<a href='https:\/\/www.santacroceweb.com\/index.php\/2018\/03\/16\/i-produttori-ripartono-da-via-rinzivillo-inaugurata-fiera-di-s-giuseppe-video\/_dsc4386\/'><img loading=\"lazy\" decoding=\"async\" width=\"150\" height=\"150\" src=\"https:\/\/www.santacroceweb.com\/giornale1\/wp-content\/uploads\/2018\/03\/DSC4386.jpg\" class=\"attachment-thumbnail size-thumbnail jl-lazyload lazyload\" alt=\"\" data-src=\"https:\/\/www.santacroceweb.com\/giornale1\/wp-content\/uploads\/2018\/03\/DSC4386-150x150.jpg\" \/><\/a>\n\t\t\t<\/div><\/figure><figure class='gallery-item'>\n\t\t\t<div class='gallery-icon landscape'>\n\t\t\t\t<a href='https:\/\/www.santacroceweb.com\/index.php\/2018\/03\/16\/i-produttori-ripartono-da-via-rinzivillo-inaugurata-fiera-di-s-giuseppe-video\/_dsc4387\/'><img loading=\"lazy\" decoding=\"async\" width=\"150\" height=\"150\" src=\"https:\/\/www.santacroceweb.com\/giornale1\/wp-content\/uploads\/2018\/03\/DSC4387.jpg\" class=\"attachment-thumbnail size-thumbnail jl-lazyload lazyload\" alt=\"\" data-src=\"https:\/\/www.santacroceweb.com\/giornale1\/wp-content\/uploads\/2018\/03\/DSC4387-150x150.jpg\" \/><\/a>\n\t\t\t<\/div><\/figure><figure class='gallery-item'>\n\t\t\t<div class='gallery-icon landscape'>\n\t\t\t\t<a href='https:\/\/www.santacroceweb.com\/index.php\/2018\/03\/16\/i-produttori-ripartono-da-via-rinzivillo-inaugurata-fiera-di-s-giuseppe-video\/_dsc4399\/'><img loading=\"lazy\" decoding=\"async\" width=\"150\" height=\"150\" src=\"https:\/\/www.santacroceweb.com\/giornale1\/wp-content\/uploads\/2018\/03\/DSC4399.jpg\" class=\"attachment-thumbnail size-thumbnail jl-lazyload lazyload\" alt=\"\" data-src=\"https:\/\/www.santacroceweb.com\/giornale1\/wp-content\/uploads\/2018\/03\/DSC4399-150x150.jpg\" \/><\/a>\n\t\t\t<\/div><\/figure><figure class='gallery-item'>\n\t\t\t<div class='gallery-icon landscape'>\n\t\t\t\t<a href='https:\/\/www.santacroceweb.com\/index.php\/2018\/03\/16\/i-produttori-ripartono-da-via-rinzivillo-inaugurata-fiera-di-s-giuseppe-video\/_dsc4403\/'><img loading=\"lazy\" decoding=\"async\" width=\"150\" height=\"150\" src=\"https:\/\/www.santacroceweb.com\/giornale1\/wp-content\/uploads\/2018\/03\/DSC4403.jpg\" class=\"attachment-thumbnail size-thumbnail jl-lazyload lazyload\" alt=\"\" data-src=\"https:\/\/www.santacroceweb.com\/giornale1\/wp-content\/uploads\/2018\/03\/DSC4403-150x150.jpg\" \/><\/a>\n\t\t\t<\/div><\/figure><figure class='gallery-item'>\n\t\t\t<div class='gallery-icon landscape'>\n\t\t\t\t<a href='https:\/\/www.santacroceweb.com\/index.php\/2018\/03\/16\/i-produttori-ripartono-da-via-rinzivillo-inaugurata-fiera-di-s-giuseppe-video\/_dsc4408\/'><img loading=\"lazy\" decoding=\"async\" width=\"150\" height=\"150\" src=\"https:\/\/www.santacroceweb.com\/giornale1\/wp-content\/uploads\/2018\/03\/DSC4408.jpg\" class=\"attachment-thumbnail size-thumbnail jl-lazyload lazyload\" alt=\"\" data-src=\"https:\/\/www.santacroceweb.com\/giornale1\/wp-content\/uploads\/2018\/03\/DSC4408-150x150.jpg\" \/><\/a>\n\t\t\t<\/div><\/figure><figure class='gallery-item'>\n\t\t\t<div class='gallery-icon landscape'>\n\t\t\t\t<a href='https:\/\/www.santacroceweb.com\/index.php\/2018\/03\/16\/i-produttori-ripartono-da-via-rinzivillo-inaugurata-fiera-di-s-giuseppe-video\/_dsc4413-2\/'><img loading=\"lazy\" decoding=\"async\" width=\"150\" height=\"150\" src=\"https:\/\/www.santacroceweb.com\/giornale1\/wp-content\/uploads\/2018\/03\/DSC4413.jpg\" class=\"attachment-thumbnail size-thumbnail jl-lazyload lazyload\" alt=\"\" data-src=\"https:\/\/www.santacroceweb.com\/giornale1\/wp-content\/uploads\/2018\/03\/DSC4413-150x150.jpg\" \/><\/a>\n\t\t\t<\/div><\/figure><figure class='gallery-item'>\n\t\t\t<div class='gallery-icon landscape'>\n\t\t\t\t<a href='https:\/\/www.santacroceweb.com\/index.php\/2018\/03\/16\/i-produttori-ripartono-da-via-rinzivillo-inaugurata-fiera-di-s-giuseppe-video\/_dsc4426\/'><img loading=\"lazy\" decoding=\"async\" width=\"150\" height=\"150\" src=\"https:\/\/www.santacroceweb.com\/giornale1\/wp-content\/uploads\/2018\/03\/DSC4426.jpg\" class=\"attachment-thumbnail size-thumbnail jl-lazyload lazyload\" alt=\"\" data-src=\"https:\/\/www.santacroceweb.com\/giornale1\/wp-content\/uploads\/2018\/03\/DSC4426-150x150.jpg\" \/><\/a>\n\t\t\t<\/div><\/figure><figure class='gallery-item'>\n\t\t\t<div class='gallery-icon landscape'>\n\t\t\t\t<a href='https:\/\/www.santacroceweb.com\/index.php\/2018\/03\/16\/i-produttori-ripartono-da-via-rinzivillo-inaugurata-fiera-di-s-giuseppe-video\/_dsc4435\/'><img loading=\"lazy\" decoding=\"async\" width=\"150\" height=\"150\" src=\"https:\/\/www.santacroceweb.com\/giornale1\/wp-content\/uploads\/2018\/03\/DSC4435.jpg\" class=\"attachment-thumbnail size-thumbnail jl-lazyload lazyload\" alt=\"\" data-src=\"https:\/\/www.santacroceweb.com\/giornale1\/wp-content\/uploads\/2018\/03\/DSC4435-150x150.jpg\" \/><\/a>\n\t\t\t<\/div><\/figure><figure class='gallery-item'>\n\t\t\t<div class='gallery-icon landscape'>\n\t\t\t\t<a href='https:\/\/www.santacroceweb.com\/index.php\/2018\/03\/16\/i-produttori-ripartono-da-via-rinzivillo-inaugurata-fiera-di-s-giuseppe-video\/_dsc4437\/'><img loading=\"lazy\" decoding=\"async\" width=\"150\" height=\"150\" src=\"https:\/\/www.santacroceweb.com\/giornale1\/wp-content\/uploads\/2018\/03\/DSC4437.jpg\" class=\"attachment-thumbnail size-thumbnail jl-lazyload lazyload\" alt=\"\" data-src=\"https:\/\/www.santacroceweb.com\/giornale1\/wp-content\/uploads\/2018\/03\/DSC4437-150x150.jpg\" \/><\/a>\n\t\t\t<\/div><\/figure><figure class='gallery-item'>\n\t\t\t<div class='gallery-icon landscape'>\n\t\t\t\t<a href='https:\/\/www.santacroceweb.com\/index.php\/2018\/03\/16\/i-produttori-ripartono-da-via-rinzivillo-inaugurata-fiera-di-s-giuseppe-video\/_dsc4440\/'><img loading=\"lazy\" decoding=\"async\" width=\"150\" height=\"150\" src=\"https:\/\/www.santacroceweb.com\/giornale1\/wp-content\/uploads\/2018\/03\/DSC4440.jpg\" class=\"attachment-thumbnail size-thumbnail jl-lazyload lazyload\" alt=\"\" data-src=\"https:\/\/www.santacroceweb.com\/giornale1\/wp-content\/uploads\/2018\/03\/DSC4440-150x150.jpg\" \/><\/a>\n\t\t\t<\/div><\/figure><figure class='gallery-item'>\n\t\t\t<div class='gallery-icon landscape'>\n\t\t\t\t<a href='https:\/\/www.santacroceweb.com\/index.php\/2018\/03\/16\/i-produttori-ripartono-da-via-rinzivillo-inaugurata-fiera-di-s-giuseppe-video\/_dsc4441\/'><img loading=\"lazy\" decoding=\"async\" width=\"150\" height=\"150\" src=\"https:\/\/www.santacroceweb.com\/giornale1\/wp-content\/uploads\/2018\/03\/DSC4441.jpg\" class=\"attachment-thumbnail size-thumbnail jl-lazyload lazyload\" alt=\"\" data-src=\"https:\/\/www.santacroceweb.com\/giornale1\/wp-content\/uploads\/2018\/03\/DSC4441-150x150.jpg\" \/><\/a>\n\t\t\t<\/div><\/figure><figure class='gallery-item'>\n\t\t\t<div class='gallery-icon landscape'>\n\t\t\t\t<a href='https:\/\/www.santacroceweb.com\/index.php\/2018\/03\/16\/i-produttori-ripartono-da-via-rinzivillo-inaugurata-fiera-di-s-giuseppe-video\/_dsc4442\/'><img loading=\"lazy\" decoding=\"async\" width=\"150\" height=\"150\" src=\"https:\/\/www.santacroceweb.com\/giornale1\/wp-content\/uploads\/2018\/03\/DSC4442.jpg\" class=\"attachment-thumbnail size-thumbnail jl-lazyload lazyload\" alt=\"\" data-src=\"https:\/\/www.santacroceweb.com\/giornale1\/wp-content\/uploads\/2018\/03\/DSC4442-150x150.jpg\" \/><\/a>\n\t\t\t<\/div><\/figure><figure class='gallery-item'>\n\t\t\t<div class='gallery-icon landscape'>\n\t\t\t\t<a href='https:\/\/www.santacroceweb.com\/index.php\/2018\/03\/16\/i-produttori-ripartono-da-via-rinzivillo-inaugurata-fiera-di-s-giuseppe-video\/_dsc4443\/'><img loading=\"lazy\" decoding=\"async\" width=\"150\" height=\"150\" src=\"https:\/\/www.santacroceweb.com\/giornale1\/wp-content\/uploads\/2018\/03\/DSC4443.jpg\" class=\"attachment-thumbnail size-thumbnail jl-lazyload lazyload\" alt=\"\" data-src=\"https:\/\/www.santacroceweb.com\/giornale1\/wp-content\/uploads\/2018\/03\/DSC4443-150x150.jpg\" \/><\/a>\n\t\t\t<\/div><\/figure><figure class='gallery-item'>\n\t\t\t<div class='gallery-icon landscape'>\n\t\t\t\t<a href='https:\/\/www.santacroceweb.com\/index.php\/2018\/03\/16\/i-produttori-ripartono-da-via-rinzivillo-inaugurata-fiera-di-s-giuseppe-video\/_dsc4444\/'><img loading=\"lazy\" decoding=\"async\" width=\"150\" height=\"150\" src=\"https:\/\/www.santacroceweb.com\/giornale1\/wp-content\/uploads\/2018\/03\/DSC4444.jpg\" class=\"attachment-thumbnail size-thumbnail jl-lazyload lazyload\" alt=\"\" data-src=\"https:\/\/www.santacroceweb.com\/giornale1\/wp-content\/uploads\/2018\/03\/DSC4444-150x150.jpg\" \/><\/a>\n\t\t\t<\/div><\/figure><figure class='gallery-item'>\n\t\t\t<div class='gallery-icon landscape'>\n\t\t\t\t<a href='https:\/\/www.santacroceweb.com\/index.php\/2018\/03\/16\/i-produttori-ripartono-da-via-rinzivillo-inaugurata-fiera-di-s-giuseppe-video\/_dsc4445\/'><img loading=\"lazy\" decoding=\"async\" width=\"150\" height=\"150\" src=\"https:\/\/www.santacroceweb.com\/giornale1\/wp-content\/uploads\/2018\/03\/DSC4445.jpg\" class=\"attachment-thumbnail size-thumbnail jl-lazyload lazyload\" alt=\"\" data-src=\"https:\/\/www.santacroceweb.com\/giornale1\/wp-content\/uploads\/2018\/03\/DSC4445-150x150.jpg\" \/><\/a>\n\t\t\t<\/div><\/figure><figure class='gallery-item'>\n\t\t\t<div class='gallery-icon landscape'>\n\t\t\t\t<a href='https:\/\/www.santacroceweb.com\/index.php\/2018\/03\/16\/i-produttori-ripartono-da-via-rinzivillo-inaugurata-fiera-di-s-giuseppe-video\/_dsc4446\/'><img loading=\"lazy\" decoding=\"async\" width=\"150\" height=\"150\" src=\"https:\/\/www.santacroceweb.com\/giornale1\/wp-content\/uploads\/2018\/03\/DSC4446.jpg\" class=\"attachment-thumbnail size-thumbnail jl-lazyload lazyload\" alt=\"\" data-src=\"https:\/\/www.santacroceweb.com\/giornale1\/wp-content\/uploads\/2018\/03\/DSC4446-150x150.jpg\" \/><\/a>\n\t\t\t<\/div><\/figure><figure class='gallery-item'>\n\t\t\t<div class='gallery-icon landscape'>\n\t\t\t\t<a href='https:\/\/www.santacroceweb.com\/index.php\/2018\/03\/16\/i-produttori-ripartono-da-via-rinzivillo-inaugurata-fiera-di-s-giuseppe-video\/_dsc4447\/'><img loading=\"lazy\" decoding=\"async\" width=\"150\" height=\"150\" src=\"https:\/\/www.santacroceweb.com\/giornale1\/wp-content\/uploads\/2018\/03\/DSC4447.jpg\" class=\"attachment-thumbnail size-thumbnail jl-lazyload lazyload\" alt=\"\" data-src=\"https:\/\/www.santacroceweb.com\/giornale1\/wp-content\/uploads\/2018\/03\/DSC4447-150x150.jpg\" \/><\/a>\n\t\t\t<\/div><\/figure><figure class='gallery-item'>\n\t\t\t<div class='gallery-icon landscape'>\n\t\t\t\t<a href='https:\/\/www.santacroceweb.com\/index.php\/2018\/03\/16\/i-produttori-ripartono-da-via-rinzivillo-inaugurata-fiera-di-s-giuseppe-video\/_dsc4450\/'><img loading=\"lazy\" decoding=\"async\" width=\"150\" height=\"150\" src=\"https:\/\/www.santacroceweb.com\/giornale1\/wp-content\/uploads\/2018\/03\/DSC4450.jpg\" class=\"attachment-thumbnail size-thumbnail jl-lazyload lazyload\" alt=\"\" data-src=\"https:\/\/www.santacroceweb.com\/giornale1\/wp-content\/uploads\/2018\/03\/DSC4450-150x150.jpg\" \/><\/a>\n\t\t\t<\/div><\/figure>\n\t\t<\/div>\n\n<p style=\"text-align: justify;\"><strong>Le postazioni sono state allestite all\u2019interno di una serra, l\u2019immagine che meglio di tutte simboleggia la laboriosit\u00e0 della comunit\u00e0 di Santa Croce.<\/strong>\u00a0E&#8217; arrivata anche la benedizione del parroco don Salvatore Puglisi. Sono intervenuti il sindaco Giovanni Barone, il deputato regionale Orazio Ragusa (nella duplice veste di presidente della commissione Attivit\u00e0 Produttive) e il presidente del Consiglio comunale, Piero Mandar\u00e0. Riviviamo insieme i momenti dell\u2019inaugurazione, attraverso foto, immagini e interviste ai protagonisti. <span style=\"color: #ff0000;\"><strong>GUARDA IL VIDEO<\/strong><\/span><\/p>\n<p><iframe src=\"https:\/\/www.youtube.com\/embed\/2GplDIByLl0\" width=\"560\" height=\"315\" frameborder=\"0\" allowfullscreen=\"allowfullscreen\"><\/iframe><\/p>\n","protected":false},"excerpt":{"rendered":"<p>Fiori, ortaggi e fragole. Colori, profumi e, tra poco, anche sapori. E\u2019 stata inaugurata ieri sera, in via Rinzivillo, la 1\u00b0 Fiera di San Giuseppe. L\u2019edizione inaugurale dell\u2019evento voluto dall\u2019Amministrazione comunale di Santa Croce Camerina si accompagna alla 15.ma esposizione ortoflorovivaistica ed enogastronomica, che mette in vetrina le eccellenze del territorio santacrocese. Tanti produttori agricoli, [&hellip;]<\/p>\n","protected":false},"author":34,"featured_media":56451,"comment_status":"open","ping_status":"open","sticky":false,"template":"","format":"gallery","meta":{"footnotes":""},"categories":[6,11,126],"tags":[],"class_list":["post-56445","post","type-post","status-publish","format-gallery","has-post-thumbnail","hentry","category-culturaespettacolo","category-primopiano","category-sangiuseppe","post_format-post-format-gallery"],"_links":{"self":[{"href":"https:\/\/www.santacroceweb.com\/index.php\/wp-json\/wp\/v2\/posts\/56445","targetHints":{"allow":["GET"]}}],"collection":[{"href":"https:\/\/www.santacroceweb.com\/index.php\/wp-json\/wp\/v2\/posts"}],"about":[{"href":"https:\/\/www.santacroceweb.com\/index.php\/wp-json\/wp\/v2\/types\/post"}],"author":[{"embeddable":true,"href":"https:\/\/www.santacroceweb.com\/index.php\/wp-json\/wp\/v2\/users\/34"}],"replies":[{"embeddable":true,"href":"https:\/\/www.santacroceweb.com\/index.php\/wp-json\/wp\/v2\/comments?post=56445"}],"version-history":[{"count":0,"href":"https:\/\/www.santacroceweb.com\/index.php\/wp-json\/wp\/v2\/posts\/56445\/revisions"}],"wp:featuredmedia":[{"embeddable":true,"href":"https:\/\/www.santacroceweb.com\/index.php\/wp-json\/wp\/v2\/media\/56451"}],"wp:attachment":[{"href":"https:\/\/www.santacroceweb.com\/index.php\/wp-json\/wp\/v2\/media?parent=56445"}],"wp:term":[{"taxonomy":"category","embeddable":true,"href":"https:\/\/www.santacroceweb.com\/index.php\/wp-json\/wp\/v2\/categories?post=56445"},{"taxonomy":"post_tag","embeddable":true,"href":"https:\/\/www.santacroceweb.com\/index.php\/wp-json\/wp\/v2\/tags?post=56445"}],"curies":[{"name":"wp","href":"https:\/\/api.w.org\/{rel}","templated":true}]}}