{"id":56620,"date":"2018-03-20T08:01:30","date_gmt":"2018-03-20T07:01:30","guid":{"rendered":"http:\/\/www.santacroceweb.com\/giornale1\/?p=56620"},"modified":"2018-03-20T08:01:30","modified_gmt":"2018-03-20T07:01:30","slug":"blackout-buona-la-prima-la-band-sul-palco-che-scarica-di-adrenalina","status":"publish","type":"post","link":"https:\/\/www.santacroceweb.com\/index.php\/2018\/03\/20\/blackout-buona-la-prima-la-band-sul-palco-che-scarica-di-adrenalina\/","title":{"rendered":"Blackout, buona la prima. La band sul palco: &#8220;Che scarica di adrenalina&#8221;"},"content":{"rendered":"<p style=\"text-align: justify;\">Non hanno una storia alle spalle, ma un futuro tutto da scrivere. Si tratta della boy band &#8220;Blackout&#8221; che sabato scorso, in occasione della festa patronale di San Giuseppe a Santa Croce Camerina, si \u00e8 esibita per la prima volta davanti ad un vero pubblico. Nessuna ansia da prestazione anche perch\u00e9 alcuni di loro, nonostante la giovanissima et\u00e0, hanno gi\u00e0 avuto qualche esperienza nel mondo della musica. I cinque teenager hanno tenuto il palco come cantanti navigati e hanno intrattenuto i numerosi curiosi presenti.<\/p>\n<p style=\"text-align: justify;\"><strong>La band delle giovani promosse iblee \u00e8 cos\u00ec composta: Giuseppe Girlando, 13 anni, al basso; Marco Cannata, 10 anni, alla tastiera; Francesco Rosa, 12 anni, alla batteria; Sergio Cannata, 14 anni, alla chitarra elettrica; Damiano Di Mauro, 12 anni, chitarra e voce.<\/strong> &#8220;Salire sul palco &#8211; hanno dichiarato &#8211; \u00e8 stata una scarica di adrenalina molto forte e ci siamo detti di trasformare questa emozione in buona musica. Il pubblico ha gradito e questo ci ripaga di tante ore di preparazione e di prove&#8221;. Il gruppo, seguito da un vocal coach d&#8217;eccezione come il Maestro Peppe Arezzo e diretto dal Maestro Danilo Ferro, ha aperto il concerto della cover band &#8220;Luna Rossa&#8221;. Per i Blackout il prossimo appuntamento sar\u00e0 il 14 aprile presso il teatro tenda dove saranno ospiti del progetto &#8220;senza confini&#8221; organizzato dalla scuola Mariele Ventre di Ragusa.<\/p>\n","protected":false},"excerpt":{"rendered":"<p>Non hanno una storia alle spalle, ma un futuro tutto da scrivere. Si tratta della boy band &#8220;Blackout&#8221; che sabato scorso, in occasione della festa patronale di San Giuseppe a Santa Croce Camerina, si \u00e8 esibita per la prima volta davanti ad un vero pubblico. Nessuna ansia da prestazione anche perch\u00e9 alcuni di loro, nonostante [&hellip;]<\/p>\n","protected":false},"author":34,"featured_media":56621,"comment_status":"open","ping_status":"open","sticky":false,"template":"","format":"standard","meta":{"footnotes":""},"categories":[6],"tags":[],"class_list":["post-56620","post","type-post","status-publish","format-standard","has-post-thumbnail","hentry","category-culturaespettacolo"],"_links":{"self":[{"href":"https:\/\/www.santacroceweb.com\/index.php\/wp-json\/wp\/v2\/posts\/56620","targetHints":{"allow":["GET"]}}],"collection":[{"href":"https:\/\/www.santacroceweb.com\/index.php\/wp-json\/wp\/v2\/posts"}],"about":[{"href":"https:\/\/www.santacroceweb.com\/index.php\/wp-json\/wp\/v2\/types\/post"}],"author":[{"embeddable":true,"href":"https:\/\/www.santacroceweb.com\/index.php\/wp-json\/wp\/v2\/users\/34"}],"replies":[{"embeddable":true,"href":"https:\/\/www.santacroceweb.com\/index.php\/wp-json\/wp\/v2\/comments?post=56620"}],"version-history":[{"count":0,"href":"https:\/\/www.santacroceweb.com\/index.php\/wp-json\/wp\/v2\/posts\/56620\/revisions"}],"wp:featuredmedia":[{"embeddable":true,"href":"https:\/\/www.santacroceweb.com\/index.php\/wp-json\/wp\/v2\/media\/56621"}],"wp:attachment":[{"href":"https:\/\/www.santacroceweb.com\/index.php\/wp-json\/wp\/v2\/media?parent=56620"}],"wp:term":[{"taxonomy":"category","embeddable":true,"href":"https:\/\/www.santacroceweb.com\/index.php\/wp-json\/wp\/v2\/categories?post=56620"},{"taxonomy":"post_tag","embeddable":true,"href":"https:\/\/www.santacroceweb.com\/index.php\/wp-json\/wp\/v2\/tags?post=56620"}],"curies":[{"name":"wp","href":"https:\/\/api.w.org\/{rel}","templated":true}]}}