{"id":56882,"date":"2018-03-29T17:34:12","date_gmt":"2018-03-29T15:34:12","guid":{"rendered":"http:\/\/www.santacroceweb.com\/giornale1\/?p=56882"},"modified":"2018-03-29T22:41:19","modified_gmt":"2018-03-29T20:41:19","slug":"mandara-il-bilancio-e-fondamentale-abbiamo-mantenuto-tutti-i-servizi","status":"publish","type":"post","link":"https:\/\/www.santacroceweb.com\/index.php\/2018\/03\/29\/mandara-il-bilancio-e-fondamentale-abbiamo-mantenuto-tutti-i-servizi\/","title":{"rendered":"Mandar\u00e0: &#8220;Il Bilancio \u00e8 fondamentale. Abbiamo mantenuto tutti i servizi&#8221;"},"content":{"rendered":"<p style=\"text-align: justify;\">Era da tempo che il Comune di Santa Croce Camerina non veniva dotato del Bilancio comunale per l\u2019esercizio finanziario a inizio anno. Sono solo due i comuni in provincia di Ragusa ad aver tagliato il traguardo dell\u2019approvazione del medesimo, nel mese di marzo: Pozzallo e, appunto, Santa Croce. Questo non \u00e8 un record sportivo, ma lo strumento attraverso il quale ogni Amministrazione Comunale \u00e8 messa nelle condizioni di programmare e realizzare i progetti dell\u2019Ente in tutta tranquillit\u00e0. Naturalmente la soddisfazione del presidente del Consiglio comunale (con delega alle Politiche Sociali), Piero Mandar\u00e0, \u00e8 palese. Noi lo abbiamo intervistato e la sua gratitudine nei confronti dei consiglieri di maggioranza \u00e8 grande.<\/p>\n<p style=\"text-align: justify;\"><strong>&#8220;Abbiamo fornito lo strumento finanziario principe all\u2019Amministrazione, che potr\u00e0 lavorare in tutta tranquillit\u00e0 portando avanti i progetti decantati in campagna elettorale.<\/strong> Diciamo subito che, malgrado i trasferimenti Stato-Regione siano diminuiti di ben 140 mila euro, non abbiamo intaccato minimamente i servizi essenziali obbligatori e quelli facoltativi, il tutto senza aggravio di tasse per i cittadini. Abbiamo solo previsto un ritocco dal 3% al 5% della TARI, perch\u00e9 stiamo facendo degli investimenti che, entro ottobre, porteranno la raccolta differenziata dall\u2019attuale 13% al 35%. Per raggiungere questo obiettivo si \u00e8 reso necessario investire un po\u2019 di soldi su mezzi specifici&#8221;.<\/p>\n<p style=\"text-align: justify;\"><strong>&#8220;Inoltre &#8211; prosegue Mandar\u00e0 &#8211; attiveremo lo Sportello Europa, lo Sportello Donna Antiviolenza, il Garante per l\u2019Infanzia, il Baratto Amministrativo<\/strong>, oltre ad aver gi\u00e0 approvato due progetti di Servizio Civile: \u201cVerde Mediterraneo\u201d con l\u2019ausilio di 7 volontari e \u201cNoi giovani camarinesi\u201d con il supporto di 8 unit\u00e0. Insomma, la macchina amministrativa si \u00e8 messa in moto: devo dire grazie a tutti quelli che hanno contribuito, i consiglieri comunali, gli assessori, i dirigenti e i funzionari preposti. Avrei gradito uno spirito pi\u00f9 collaborativo da una parte dell\u2019opposizione. Certe volte, comprendendo il gioco delle parti, si sarebbero potuti risparmiare certe polemiche che definisco pretestuose&#8221;.<\/p>\n<p style=\"text-align: justify;\"><strong>Nella seduta di ieri sera qualcuno lo ha accusato di sgarbo istituzionale per aver posizionato all\u2019ordine del giorno una mozione di un consigliere di maggioranza<\/strong> prima di interrogazioni poste dalla minoranza protocollate in data antecedente. Cosa risponde? &#8220;E\u2019 nelle prerogative del Presidente stilare l\u2019ordine del giorno in base al proprio convincimento, quindi nessun sgarbo istituzionale. Trattarle un minuto prima o dopo non \u00e8 certamente la fine del mondo&#8221;. Finisce qui, questa nostra intervista a Piero Mandar\u00e0, una delle poche rilasciate da quando siede sullo scranno pi\u00f9 alto del Consiglio Comunale.<\/p>\n","protected":false},"excerpt":{"rendered":"<p>Era da tempo che il Comune di Santa Croce Camerina non veniva dotato del Bilancio comunale per l\u2019esercizio finanziario a inizio anno. Sono solo due i comuni in provincia di Ragusa ad aver tagliato il traguardo dell\u2019approvazione del medesimo, nel mese di marzo: Pozzallo e, appunto, Santa Croce. Questo non \u00e8 un record sportivo, ma [&hellip;]<\/p>\n","protected":false},"author":34,"featured_media":56883,"comment_status":"open","ping_status":"open","sticky":false,"template":"","format":"standard","meta":{"footnotes":""},"categories":[4,11],"tags":[],"class_list":["post-56882","post","type-post","status-publish","format-standard","has-post-thumbnail","hentry","category-politica","category-primopiano"],"_links":{"self":[{"href":"https:\/\/www.santacroceweb.com\/index.php\/wp-json\/wp\/v2\/posts\/56882","targetHints":{"allow":["GET"]}}],"collection":[{"href":"https:\/\/www.santacroceweb.com\/index.php\/wp-json\/wp\/v2\/posts"}],"about":[{"href":"https:\/\/www.santacroceweb.com\/index.php\/wp-json\/wp\/v2\/types\/post"}],"author":[{"embeddable":true,"href":"https:\/\/www.santacroceweb.com\/index.php\/wp-json\/wp\/v2\/users\/34"}],"replies":[{"embeddable":true,"href":"https:\/\/www.santacroceweb.com\/index.php\/wp-json\/wp\/v2\/comments?post=56882"}],"version-history":[{"count":0,"href":"https:\/\/www.santacroceweb.com\/index.php\/wp-json\/wp\/v2\/posts\/56882\/revisions"}],"wp:featuredmedia":[{"embeddable":true,"href":"https:\/\/www.santacroceweb.com\/index.php\/wp-json\/wp\/v2\/media\/56883"}],"wp:attachment":[{"href":"https:\/\/www.santacroceweb.com\/index.php\/wp-json\/wp\/v2\/media?parent=56882"}],"wp:term":[{"taxonomy":"category","embeddable":true,"href":"https:\/\/www.santacroceweb.com\/index.php\/wp-json\/wp\/v2\/categories?post=56882"},{"taxonomy":"post_tag","embeddable":true,"href":"https:\/\/www.santacroceweb.com\/index.php\/wp-json\/wp\/v2\/tags?post=56882"}],"curies":[{"name":"wp","href":"https:\/\/api.w.org\/{rel}","templated":true}]}}