{"id":57196,"date":"2018-04-18T13:21:08","date_gmt":"2018-04-18T11:21:08","guid":{"rendered":"http:\/\/www.santacroceweb.com\/giornale1\/?p=57196"},"modified":"2018-04-18T13:21:08","modified_gmt":"2018-04-18T11:21:08","slug":"paziente-di-psichiatria-devasta-lospedale-ferito-un-impiegato-in-modo-lieve","status":"publish","type":"post","link":"https:\/\/www.santacroceweb.com\/index.php\/2018\/04\/18\/paziente-di-psichiatria-devasta-lospedale-ferito-un-impiegato-in-modo-lieve\/","title":{"rendered":"Paziente di psichiatria devasta l\u2019ospedale: ferito un impiegato in modo lieve"},"content":{"rendered":"<p style=\"text-align: justify;\">Scene di ordinaria follia all\u2019ospedale Maria Patern\u00f2 Arezzo di Ragusa Ibla: un paziente del reparto di psichiatria, intorno alle 11.20 di marted\u00ec mattina, \u00e8 scappato dalla sua stanza e si \u00e8 introdotto negli uffici di D.S., al primo piano del nosocomio, generando panico nel personale e nei visitatori presenti in quel momento e provocando danni a suppellettili e computer per migliaia di euro. L\u2019uomo, per cui il giudice in passato aveva disposto un servizio di vigilanza e piantonamento, \u00e8 ricoverato nella struttura da qualche tempo e si era reso noto per alcuni comportamenti non esattamente tranquilli. Ma ieri la vicenda ha preso una brutta piega.<\/p>\n<p style=\"text-align: justify;\"><strong>Il malato si \u00e8 introdotto in un paio di stanze e, con fare impetuoso, ha rovesciato tutto ci\u00f2 che gli si parava davanti: <\/strong>computer, sedie e una stampante di grosse dimensioni. Un lavoratore ha provato a placarlo e tranquillizzarlo, ma il paziente, in escandescenza, gli ha scagliato la stampante addosso provocandogli qualche ferita (giudicata guaribile in otto giorni) e divincolandosi dalla presa. La follia \u00e8 proseguita nel corridoio, dove l\u2019uomo ha scardinato la seduta di una panchina, lanciandola per aria (ma senza colpire nessuno). Poi ha tentato di rompere una finestra per sporgersi fuori, senza riuscirci. Infine, come se non fosse successo niente, si \u00e8 accomodato su una sedia e ha atteso l\u2019arrivo dei carabinieri, sollecitati telefonicamente e a pi\u00f9 riprese dagli impiegati, che nel frattempo \u2013 per la paura \u2013 si erano allontanati.<\/p>\n<p style=\"text-align: justify;\"><strong>L\u2019uomo, con evidenti problemi psichiatrici, \u00e8 stato preso in carico dal maresciallo Valenzisi, comandante della stazione dei Carabinieri di Ragusa Ibla,<\/strong> che lo ha accompagnato fuori dagli uffici e, nuovamente, nel reparto di Psichiatria. Si \u00e8 saputo in seguito che in data 23 gennaio, a seguito di una richiesta formulata dall\u2019Asp di Ragusa, il magistrato di sorveglianza di Siracusa aveva disposto il piantonamento per tutta la durata del suo ricovero (che non sarebbe mai stato eseguito) e il successivo trasferimento presso una REMS, una struttura riabilitativa per malati psichiatrici. La situazione in ospedale \u00e8 tornata lentamente alla normalit\u00e0, anche se fra impiegati e pazienti \u00e8 alto il timore che certi episodi possano ripetersi.<\/p>\n","protected":false},"excerpt":{"rendered":"<p>Scene di ordinaria follia all\u2019ospedale Maria Patern\u00f2 Arezzo di Ragusa Ibla: un paziente del reparto di psichiatria, intorno alle 11.20 di marted\u00ec mattina, \u00e8 scappato dalla sua stanza e si \u00e8 introdotto negli uffici di D.S., al primo piano del nosocomio, generando panico nel personale e nei visitatori presenti in quel momento e provocando danni [&hellip;]<\/p>\n","protected":false},"author":34,"featured_media":57198,"comment_status":"open","ping_status":"open","sticky":false,"template":"","format":"standard","meta":{"footnotes":""},"categories":[7,22],"tags":[],"class_list":["post-57196","post","type-post","status-publish","format-standard","has-post-thumbnail","hentry","category-cronaca","category-provincia"],"_links":{"self":[{"href":"https:\/\/www.santacroceweb.com\/index.php\/wp-json\/wp\/v2\/posts\/57196","targetHints":{"allow":["GET"]}}],"collection":[{"href":"https:\/\/www.santacroceweb.com\/index.php\/wp-json\/wp\/v2\/posts"}],"about":[{"href":"https:\/\/www.santacroceweb.com\/index.php\/wp-json\/wp\/v2\/types\/post"}],"author":[{"embeddable":true,"href":"https:\/\/www.santacroceweb.com\/index.php\/wp-json\/wp\/v2\/users\/34"}],"replies":[{"embeddable":true,"href":"https:\/\/www.santacroceweb.com\/index.php\/wp-json\/wp\/v2\/comments?post=57196"}],"version-history":[{"count":0,"href":"https:\/\/www.santacroceweb.com\/index.php\/wp-json\/wp\/v2\/posts\/57196\/revisions"}],"wp:featuredmedia":[{"embeddable":true,"href":"https:\/\/www.santacroceweb.com\/index.php\/wp-json\/wp\/v2\/media\/57198"}],"wp:attachment":[{"href":"https:\/\/www.santacroceweb.com\/index.php\/wp-json\/wp\/v2\/media?parent=57196"}],"wp:term":[{"taxonomy":"category","embeddable":true,"href":"https:\/\/www.santacroceweb.com\/index.php\/wp-json\/wp\/v2\/categories?post=57196"},{"taxonomy":"post_tag","embeddable":true,"href":"https:\/\/www.santacroceweb.com\/index.php\/wp-json\/wp\/v2\/tags?post=57196"}],"curies":[{"name":"wp","href":"https:\/\/api.w.org\/{rel}","templated":true}]}}