{"id":57236,"date":"2018-04-20T13:17:00","date_gmt":"2018-04-20T11:17:00","guid":{"rendered":"http:\/\/www.santacroceweb.com\/giornale1\/?p=57236"},"modified":"2018-04-20T14:45:26","modified_gmt":"2018-04-20T12:45:26","slug":"rubato-un-camion-della-frutta-in-via-gozzi-danni-ammontano-a-3-mila-euro","status":"publish","type":"post","link":"https:\/\/www.santacroceweb.com\/index.php\/2018\/04\/20\/rubato-un-camion-della-frutta-in-via-gozzi-danni-ammontano-a-3-mila-euro\/","title":{"rendered":"Rubato un camion della frutta in via Gozzi: danni ammontano a 3 mila euro"},"content":{"rendered":"<p style=\"text-align: justify;\">Nella notte il furto, all&#8217;alba l\u2019amara sorpresa: il camion che ogni giorno espone frutta e verdura in via Caucana, di propriet\u00e0 della Top Fruit, \u00e8 stato rubato. I titolari questa mattina non l\u2019hanno pi\u00f9 ritrovato in via Gozzi, nel solito parcheggio adiacente al punto vendita. Il mezzo \u00e8 stato sottratto nella notte da ignoti. E\u2019 stata sporta regolare denuncia ai carabinieri. In zona non ci sono telecamere, per cui sar\u00e0 molto difficile risalire agli autori del ladrocinio. All\u2019interno del camion c\u2019era un grosso di carico di frutta per affrontare la giornata di lavoro (\u201cNon ancora la verdura, che avremmo ritirato stamattina\u201d spiega il titolare Pietro Barone), due bilance Omega e un registratore di cassa. Danni stimati per 3 mila euro. E\u2019 l\u2019ennesimo episodio di microcriminalit\u00e0 che colpisce Santa Croce.<\/p>\n<p style=\"text-align: justify;\"><strong>Gi\u00e0 da questo pomeriggio per\u00f2 Top Fruit si rimetter\u00e0 in moto: nel classico posteggio di via Caucana, infatti, verr\u00e0 organizzata un\u2019esposizione temporanea all\u2019interno di due gazebo\u00a0<\/strong>messi a disposizione da un collega commerciante. E\u2019 un modo per tornare a lavoro, che non cancella per\u00f2 il torto subito e una preoccupazione costante che, ogni giorno, affligge commercianti e cittadini. Intanto sulla vicenda indagano i carabinieri: potrebbero essere analizzate le immagini delle telecamere situate sulla rotatoria della Despar, all&#8217;imbocco della SC 35 per Punta Secca. Ma non \u00e8 detto che i filmati riescano ad agevolare la caccia ai responsabili e il recupero della refurtiva. Il camion, un vecchio modello, non possiede fra l\u2019altro alcun rilevatore gps.<\/p>\n<p style=\"text-align: justify;\"><strong>Su Facebook lo sfogo della sorella del titolare, Manuela:<\/strong> &#8220;Sicurezza significa sentirsi salvi, al sicuro e protetti&#8230; Ecco questo \u00e8 quello che manca a Santa Croce Camerina. La mattina ci svegliamo per andare a lavorare e non trovi il mezzo che ti permette di guadagnare &#8220;il pane quotidiano&#8221; perch\u00e9 durante la notte qualcuno ha fatto il colpo&#8230; Ringrazio l&#8217;assessore Filippo Frasca per non farci sentire al sicuro&#8221;.<\/p>\n<div id='gallery-1' class='gallery galleryid-57236 gallery-columns-3 gallery-size-thumbnail'><figure class='gallery-item'>\n\t\t\t<div class='gallery-icon landscape'>\n\t\t\t\t<a href='https:\/\/www.santacroceweb.com\/index.php\/2018\/04\/20\/rubato-un-camion-della-frutta-in-via-gozzi-danni-ammontano-a-3-mila-euro\/dav-306\/'><img decoding=\"async\" width=\"150\" height=\"150\" src=\"https:\/\/www.santacroceweb.com\/giornale1\/wp-content\/uploads\/2018\/04\/Frutta-1-e1524222978403.jpg\" class=\"attachment-thumbnail size-thumbnail jl-lazyload lazyload\" alt=\"\" aria-describedby=\"gallery-1-57237\" data-src=\"https:\/\/www.santacroceweb.com\/giornale1\/wp-content\/uploads\/2018\/04\/Frutta-1-e1524222978403-150x150.jpg\" \/><\/a>\n\t\t\t<\/div>\n\t\t\t\t<figcaption class='wp-caption-text gallery-caption' id='gallery-1-57237'>\n\t\t\t\tIl punto vendita Top Fruit\n\t\t\t\t<\/figcaption><\/figure><figure class='gallery-item'>\n\t\t\t<div class='gallery-icon landscape'>\n\t\t\t\t<a href='https:\/\/www.santacroceweb.com\/index.php\/2018\/04\/20\/rubato-un-camion-della-frutta-in-via-gozzi-danni-ammontano-a-3-mila-euro\/dav-307\/'><img decoding=\"async\" width=\"150\" height=\"150\" src=\"https:\/\/www.santacroceweb.com\/giornale1\/wp-content\/uploads\/2018\/04\/Frutta-2.jpg\" class=\"attachment-thumbnail size-thumbnail jl-lazyload lazyload\" alt=\"\" aria-describedby=\"gallery-1-57238\" data-src=\"https:\/\/www.santacroceweb.com\/giornale1\/wp-content\/uploads\/2018\/04\/Frutta-2-150x150.jpg\" \/><\/a>\n\t\t\t<\/div>\n\t\t\t\t<figcaption class='wp-caption-text gallery-caption' id='gallery-1-57238'>\n\t\t\t\tIl camion \u00e8 sparito da questo parcheggio\n\t\t\t\t<\/figcaption><\/figure><figure class='gallery-item'>\n\t\t\t<div class='gallery-icon landscape'>\n\t\t\t\t<a href='https:\/\/www.santacroceweb.com\/index.php\/2018\/04\/20\/rubato-un-camion-della-frutta-in-via-gozzi-danni-ammontano-a-3-mila-euro\/dav-308\/'><img decoding=\"async\" width=\"150\" height=\"150\" src=\"https:\/\/www.santacroceweb.com\/giornale1\/wp-content\/uploads\/2018\/04\/Frutta-3.jpg\" class=\"attachment-thumbnail size-thumbnail jl-lazyload lazyload\" alt=\"\" aria-describedby=\"gallery-1-57239\" data-src=\"https:\/\/www.santacroceweb.com\/giornale1\/wp-content\/uploads\/2018\/04\/Frutta-3-150x150.jpg\" \/><\/a>\n\t\t\t<\/div>\n\t\t\t\t<figcaption class='wp-caption-text gallery-caption' id='gallery-1-57239'>\n\t\t\t\tIl posteggio di via Caucana rimasto vuoto\n\t\t\t\t<\/figcaption><\/figure><figure class='gallery-item'>\n\t\t\t<div class='gallery-icon landscape'>\n\t\t\t\t<a href='https:\/\/www.santacroceweb.com\/index.php\/2018\/04\/20\/rubato-un-camion-della-frutta-in-via-gozzi-danni-ammontano-a-3-mila-euro\/camion-3\/'><img loading=\"lazy\" decoding=\"async\" width=\"150\" height=\"150\" src=\"https:\/\/www.santacroceweb.com\/giornale1\/wp-content\/uploads\/2018\/04\/camion.jpeg\" class=\"attachment-thumbnail size-thumbnail jl-lazyload lazyload\" alt=\"\" aria-describedby=\"gallery-1-57241\" data-src=\"https:\/\/www.santacroceweb.com\/giornale1\/wp-content\/uploads\/2018\/04\/camion-150x150.jpeg\" \/><\/a>\n\t\t\t<\/div>\n\t\t\t\t<figcaption class='wp-caption-text gallery-caption' id='gallery-1-57241'>\n\t\t\t\tIl camion rubato\n\t\t\t\t<\/figcaption><\/figure>\n\t\t<\/div>\n\n","protected":false},"excerpt":{"rendered":"<p>Nella notte il furto, all&#8217;alba l\u2019amara sorpresa: il camion che ogni giorno espone frutta e verdura in via Caucana, di propriet\u00e0 della Top Fruit, \u00e8 stato rubato. I titolari questa mattina non l\u2019hanno pi\u00f9 ritrovato in via Gozzi, nel solito parcheggio adiacente al punto vendita. Il mezzo \u00e8 stato sottratto nella notte da ignoti. E\u2019 [&hellip;]<\/p>\n","protected":false},"author":11,"featured_media":57237,"comment_status":"open","ping_status":"open","sticky":false,"template":"","format":"gallery","meta":{"footnotes":""},"categories":[7,11],"tags":[],"class_list":["post-57236","post","type-post","status-publish","format-gallery","has-post-thumbnail","hentry","category-cronaca","category-primopiano","post_format-post-format-gallery"],"_links":{"self":[{"href":"https:\/\/www.santacroceweb.com\/index.php\/wp-json\/wp\/v2\/posts\/57236","targetHints":{"allow":["GET"]}}],"collection":[{"href":"https:\/\/www.santacroceweb.com\/index.php\/wp-json\/wp\/v2\/posts"}],"about":[{"href":"https:\/\/www.santacroceweb.com\/index.php\/wp-json\/wp\/v2\/types\/post"}],"author":[{"embeddable":true,"href":"https:\/\/www.santacroceweb.com\/index.php\/wp-json\/wp\/v2\/users\/11"}],"replies":[{"embeddable":true,"href":"https:\/\/www.santacroceweb.com\/index.php\/wp-json\/wp\/v2\/comments?post=57236"}],"version-history":[{"count":0,"href":"https:\/\/www.santacroceweb.com\/index.php\/wp-json\/wp\/v2\/posts\/57236\/revisions"}],"wp:featuredmedia":[{"embeddable":true,"href":"https:\/\/www.santacroceweb.com\/index.php\/wp-json\/wp\/v2\/media\/57237"}],"wp:attachment":[{"href":"https:\/\/www.santacroceweb.com\/index.php\/wp-json\/wp\/v2\/media?parent=57236"}],"wp:term":[{"taxonomy":"category","embeddable":true,"href":"https:\/\/www.santacroceweb.com\/index.php\/wp-json\/wp\/v2\/categories?post=57236"},{"taxonomy":"post_tag","embeddable":true,"href":"https:\/\/www.santacroceweb.com\/index.php\/wp-json\/wp\/v2\/tags?post=57236"}],"curies":[{"name":"wp","href":"https:\/\/api.w.org\/{rel}","templated":true}]}}