{"id":5736,"date":"2013-06-24T11:11:25","date_gmt":"2013-06-24T09:11:25","guid":{"rendered":"http:\/\/www.santacroceweb.com\/giornale1\/?p=5736"},"modified":"2013-06-24T11:27:04","modified_gmt":"2013-06-24T09:27:04","slug":"si-chiude-lanno-accademico-dellunitre-festa-finale-fra-filmati-e-intrattenimento","status":"publish","type":"post","link":"https:\/\/www.santacroceweb.com\/index.php\/2013\/06\/24\/si-chiude-lanno-accademico-dellunitre-festa-finale-fra-filmati-e-intrattenimento\/","title":{"rendered":"Si chiude l&#8217;anno accademico dell&#8217;Unitre: nel pomeriggio festa finale con filmati e intrattenimento"},"content":{"rendered":"<p style=\"text-align: justify;\">Mancano poche ore alla cerimonia di chiusura dell&#8217;anno accademico dell&#8217;Unitre. Oggi, a partire dalle 17.30, nella sede sociale di via Iozzia, si terr\u00e0 la festa di fine anno dell&#8217;associazione camarinense tra filmati e intrattenimento. Il gruppo presieduto da Maria Rosa Vitale potr\u00e0 assistere, in seno al pomeriggio d&#8217;arriverderci, alla proiezione di un filmato sulle attivit\u00e0 accademiche svolte nel 2013. Poi sar\u00e0 il momento dell&#8217;incontro tra i soci e i docenti dei corsi, prima del tradizionale conviviale e dell&#8217;esibizione dell&#8217;apprezzatissima corale locale Unitre.<\/p>\n<p style=\"text-align: right;\"><strong>Fonte: La Sicilia<\/strong><\/p>\n","protected":false},"excerpt":{"rendered":"<p>Mancano poche ore alla cerimonia di chiusura dell&#8217;anno accademico dell&#8217;Unitre. Oggi, a partire dalle 17.30, nella sede sociale di via Iozzia, si terr\u00e0 la festa di fine anno dell&#8217;associazione camarinense tra filmati e intrattenimento. Il gruppo presieduto da Maria Rosa Vitale potr\u00e0 assistere, in seno al pomeriggio d&#8217;arriverderci, alla proiezione di un filmato sulle attivit\u00e0 [&hellip;]<\/p>\n","protected":false},"author":34,"featured_media":5737,"comment_status":"open","ping_status":"open","sticky":false,"template":"","format":"standard","meta":{"footnotes":""},"categories":[6,1],"tags":[],"class_list":["post-5736","post","type-post","status-publish","format-standard","has-post-thumbnail","hentry","category-culturaespettacolo","category-news"],"_links":{"self":[{"href":"https:\/\/www.santacroceweb.com\/index.php\/wp-json\/wp\/v2\/posts\/5736","targetHints":{"allow":["GET"]}}],"collection":[{"href":"https:\/\/www.santacroceweb.com\/index.php\/wp-json\/wp\/v2\/posts"}],"about":[{"href":"https:\/\/www.santacroceweb.com\/index.php\/wp-json\/wp\/v2\/types\/post"}],"author":[{"embeddable":true,"href":"https:\/\/www.santacroceweb.com\/index.php\/wp-json\/wp\/v2\/users\/34"}],"replies":[{"embeddable":true,"href":"https:\/\/www.santacroceweb.com\/index.php\/wp-json\/wp\/v2\/comments?post=5736"}],"version-history":[{"count":0,"href":"https:\/\/www.santacroceweb.com\/index.php\/wp-json\/wp\/v2\/posts\/5736\/revisions"}],"wp:featuredmedia":[{"embeddable":true,"href":"https:\/\/www.santacroceweb.com\/index.php\/wp-json\/wp\/v2\/media\/5737"}],"wp:attachment":[{"href":"https:\/\/www.santacroceweb.com\/index.php\/wp-json\/wp\/v2\/media?parent=5736"}],"wp:term":[{"taxonomy":"category","embeddable":true,"href":"https:\/\/www.santacroceweb.com\/index.php\/wp-json\/wp\/v2\/categories?post=5736"},{"taxonomy":"post_tag","embeddable":true,"href":"https:\/\/www.santacroceweb.com\/index.php\/wp-json\/wp\/v2\/tags?post=5736"}],"curies":[{"name":"wp","href":"https:\/\/api.w.org\/{rel}","templated":true}]}}