{"id":57431,"date":"2018-04-28T14:43:31","date_gmt":"2018-04-28T12:43:31","guid":{"rendered":"http:\/\/www.santacroceweb.com\/giornale1\/?p=57431"},"modified":"2018-04-28T14:48:32","modified_gmt":"2018-04-28T12:48:32","slug":"e-di-nuovo-bandiera-verde-frasca-e-zisa-ritirano-premio-a-montesilvano","status":"publish","type":"post","link":"https:\/\/www.santacroceweb.com\/index.php\/2018\/04\/28\/e-di-nuovo-bandiera-verde-frasca-e-zisa-ritirano-premio-a-montesilvano\/","title":{"rendered":"E&#8217; di nuovo bandiera verde! Frasca e Zisa ritirano premio a Montesilvano"},"content":{"rendered":"<p style=\"text-align: justify;\">Alla cerimonia nazionale di consegna della Bandiera Verde 2018, ideata e condotta dal 2008 dal professore\u00a0Italo Farnetani, sotto l&#8217;Alto Patrocinio del Parlamento europeo e\u00a0con il Patrocinio del Ministero della Salute, Ministero dei beni e delle attivit\u00e0 culturali e del Turismo, che si \u00e8 svolta a Montesilvano presso il Pala Dean Martin, il 24 e 25 aprile, hanno partecipato, con delega del sindaco Dott.re Giovanni Barone, l&#8217;assessore allo Sviluppo Economico Filippo Frasca e la consigliera con delega al Turismo Giusy Zisa a rappresentare l&#8217;amministrazione comunale di Santa Croce Camerina per le localit\u00e0 del tratto di mare compreso tra Punta Secca, Caucana e Casuzze.<\/p>\n<div id='gallery-1' class='gallery galleryid-57431 gallery-columns-3 gallery-size-thumbnail'><figure class='gallery-item'>\n\t\t\t<div class='gallery-icon landscape'>\n\t\t\t\t<a href='https:\/\/www.santacroceweb.com\/index.php\/2018\/04\/28\/e-di-nuovo-bandiera-verde-frasca-e-zisa-ritirano-premio-a-montesilvano\/verde2\/'><img decoding=\"async\" width=\"150\" height=\"150\" src=\"https:\/\/www.santacroceweb.com\/giornale1\/wp-content\/uploads\/2018\/04\/Verde2.jpg\" class=\"attachment-thumbnail size-thumbnail jl-lazyload lazyload\" alt=\"\" data-src=\"https:\/\/www.santacroceweb.com\/giornale1\/wp-content\/uploads\/2018\/04\/Verde2-150x150.jpg\" \/><\/a>\n\t\t\t<\/div><\/figure><figure class='gallery-item'>\n\t\t\t<div class='gallery-icon landscape'>\n\t\t\t\t<a href='https:\/\/www.santacroceweb.com\/index.php\/2018\/04\/28\/e-di-nuovo-bandiera-verde-frasca-e-zisa-ritirano-premio-a-montesilvano\/verde3\/'><img decoding=\"async\" width=\"150\" height=\"150\" src=\"https:\/\/www.santacroceweb.com\/giornale1\/wp-content\/uploads\/2018\/04\/Verde3.jpg\" class=\"attachment-thumbnail size-thumbnail jl-lazyload lazyload\" alt=\"\" data-src=\"https:\/\/www.santacroceweb.com\/giornale1\/wp-content\/uploads\/2018\/04\/Verde3-150x150.jpg\" \/><\/a>\n\t\t\t<\/div><\/figure><figure class='gallery-item'>\n\t\t\t<div class='gallery-icon landscape'>\n\t\t\t\t<a href='https:\/\/www.santacroceweb.com\/index.php\/2018\/04\/28\/e-di-nuovo-bandiera-verde-frasca-e-zisa-ritirano-premio-a-montesilvano\/verde4\/'><img decoding=\"async\" width=\"150\" height=\"150\" src=\"https:\/\/www.santacroceweb.com\/giornale1\/wp-content\/uploads\/2018\/04\/Verde4.jpg\" class=\"attachment-thumbnail size-thumbnail jl-lazyload lazyload\" alt=\"\" data-src=\"https:\/\/www.santacroceweb.com\/giornale1\/wp-content\/uploads\/2018\/04\/Verde4-150x150.jpg\" \/><\/a>\n\t\t\t<\/div><\/figure><figure class='gallery-item'>\n\t\t\t<div class='gallery-icon landscape'>\n\t\t\t\t<a href='https:\/\/www.santacroceweb.com\/index.php\/2018\/04\/28\/e-di-nuovo-bandiera-verde-frasca-e-zisa-ritirano-premio-a-montesilvano\/verde1\/'><img loading=\"lazy\" decoding=\"async\" width=\"150\" height=\"150\" src=\"https:\/\/www.santacroceweb.com\/giornale1\/wp-content\/uploads\/2018\/04\/Verde1-e1524919216486.jpg\" class=\"attachment-thumbnail size-thumbnail jl-lazyload lazyload\" alt=\"\" data-src=\"https:\/\/www.santacroceweb.com\/giornale1\/wp-content\/uploads\/2018\/04\/Verde1-e1524919216486-150x150.jpg\" \/><\/a>\n\t\t\t<\/div><\/figure>\n\t\t<\/div>\n\n<p style=\"text-align: justify;\"><strong>Il vessillo conferito dall&#8217;associazione dei pediatri alle citt\u00e0 dotate di spiagge a misura di bambino indica una localit\u00e0 marina italiana con caratteristiche adatte ai bambini,<\/strong> selezionata attraverso un&#8217;indagine condotta fra un campione di pediatri che si prestano spontaneamente alla compilazione di un questionario di ricerca. Quest&#8217;ultima ha una valenza scientifica, pertanto non esistono candidature, ma sono i pediatri che possono proporre nuove localit\u00e0 a cui assegnare la Bandiera verde.<\/p>\n<p style=\"text-align: justify;\"><strong>Tra i requisiti necessari indispensabili sembra opportuno segnalare, oltre alla presenza di spiaggia con sabbia e allo spazio fra gli ombrelloni per giocare, anche la profondit\u00e0 dell&#8217;acqua<\/strong> che non diventa subito alta in modo che i pi\u00f9 piccoli possano andare in sicurezza in mare. Per la qualit\u00e0 delle acque e la possibilit\u00e0 di balneazione si \u00e8 fatto riferimento da sempre alle strutture istituzionali e pubbliche italiane: le ordinanze dei sindaci e le rilevazioni delle Arpa regionali, che sono le strutture preposte a tali controlli. L&#8217;obbiettivo \u00e8 quello di aiutare le famiglie a scegliere le localit\u00e0 di mare, meta preferita per chi ha bambini, per trascorrere il periodo di vacanza nel modo pi\u00f9 idoneo e sicuro, in base alle valutazioni dei pediatri, in modo tale che genitori e figli possano trarre i maggiori vantaggi dalla vacanza, con benefici per la salute e la a crescita.<\/p>\n<p><span style=\"text-decoration: underline; color: #ff0000;\"><strong><a style=\"color: #ff0000; text-decoration: underline;\" href=\"https:\/\/vimeo.com\/267010160\">GUARDA QUI IL MOMENTO DELLA CONSEGNA<\/a><\/strong><\/span><\/p>\n<p style=\"text-align: justify;\"><strong>Importante segnalare, inoltre, un emendamento presentato in assemblea regionale siciliana alla legge finanziaria<\/strong> che prevede l&#8217;inserimento di risorse<span style=\"text-align: justify; text-transform: initial;\"> per i comuni a cui \u00e8 stata assegnata la bandiera verde, cos\u00ec come per la bandiera blu. A tal fine, a margine della manifestazione e vista l&#8217;urgenza e lo svolgersi dei lavori della finanziaria in itinere, l&#8217;assessore\u00a0Frasca attraverso una riunione operativa tra gli amministratori delle citt\u00e0 siciliane premiati, ha ottenuto la disponibilit\u00e0 di ognuno a contattare i deputati di rifermento per sensibilizzarli sulla questione, affinch\u00e9 tutti i servizi collegati alla balneazione possano essere migliorati e potenziati per offrire ai bambini e alle loro famiglie vacanze sicure e servizi sempre pi\u00f9 adeguati alle loro particolari esigenze.<\/span><\/p>\n","protected":false},"excerpt":{"rendered":"<p>Alla cerimonia nazionale di consegna della Bandiera Verde 2018, ideata e condotta dal 2008 dal professore\u00a0Italo Farnetani, sotto l&#8217;Alto Patrocinio del Parlamento europeo e\u00a0con il Patrocinio del Ministero della Salute, Ministero dei beni e delle attivit\u00e0 culturali e del Turismo, che si \u00e8 svolta a Montesilvano presso il Pala Dean Martin, il 24 e 25 [&hellip;]<\/p>\n","protected":false},"author":34,"featured_media":57435,"comment_status":"open","ping_status":"open","sticky":false,"template":"","format":"gallery","meta":{"footnotes":""},"categories":[8],"tags":[],"class_list":["post-57431","post","type-post","status-publish","format-gallery","has-post-thumbnail","hentry","category-attualita","post_format-post-format-gallery"],"_links":{"self":[{"href":"https:\/\/www.santacroceweb.com\/index.php\/wp-json\/wp\/v2\/posts\/57431","targetHints":{"allow":["GET"]}}],"collection":[{"href":"https:\/\/www.santacroceweb.com\/index.php\/wp-json\/wp\/v2\/posts"}],"about":[{"href":"https:\/\/www.santacroceweb.com\/index.php\/wp-json\/wp\/v2\/types\/post"}],"author":[{"embeddable":true,"href":"https:\/\/www.santacroceweb.com\/index.php\/wp-json\/wp\/v2\/users\/34"}],"replies":[{"embeddable":true,"href":"https:\/\/www.santacroceweb.com\/index.php\/wp-json\/wp\/v2\/comments?post=57431"}],"version-history":[{"count":0,"href":"https:\/\/www.santacroceweb.com\/index.php\/wp-json\/wp\/v2\/posts\/57431\/revisions"}],"wp:featuredmedia":[{"embeddable":true,"href":"https:\/\/www.santacroceweb.com\/index.php\/wp-json\/wp\/v2\/media\/57435"}],"wp:attachment":[{"href":"https:\/\/www.santacroceweb.com\/index.php\/wp-json\/wp\/v2\/media?parent=57431"}],"wp:term":[{"taxonomy":"category","embeddable":true,"href":"https:\/\/www.santacroceweb.com\/index.php\/wp-json\/wp\/v2\/categories?post=57431"},{"taxonomy":"post_tag","embeddable":true,"href":"https:\/\/www.santacroceweb.com\/index.php\/wp-json\/wp\/v2\/tags?post=57431"}],"curies":[{"name":"wp","href":"https:\/\/api.w.org\/{rel}","templated":true}]}}