{"id":58699,"date":"2018-06-19T22:19:31","date_gmt":"2018-06-19T20:19:31","guid":{"rendered":"http:\/\/www.santacroceweb.com\/giornale1\/?p=58699"},"modified":"2018-06-19T22:27:25","modified_gmt":"2018-06-19T20:27:25","slug":"santa-croce-lavis-aderisce-al-servizio-civile-nazionale-inviare-curriculum-entro-il-28-giugno","status":"publish","type":"post","link":"https:\/\/www.santacroceweb.com\/index.php\/2018\/06\/19\/santa-croce-lavis-aderisce-al-servizio-civile-nazionale-inviare-curriculum-entro-il-28-giugno\/","title":{"rendered":"<font color=red>Santa Croce &#8211;<\/font> L&#8217;Avis aderisce al Servizio Civile Nazionale: inviare curriculum entro il 28 giugno"},"content":{"rendered":"<p style=\"text-align: justify;\">A breve saranno pubblicati i bandi di selezione per i volontari in Servizio Civile che avranno la possibilit\u00e0 di vivere una nuova esperienza, trascorrendo un anno al servizio della collettivit\u00e0. Anche quest&#8217;anno la sede Avis di Santa Croce Camerina offre l&#8217;opportunit\u00e0 ai giovani tra i 18 e i 28 anni di svolgere un periodo di tirocinio formativo, che dar\u00e0 la possibilit\u00e0, ai partecipanti, di conoscere la realt\u00e0 avisina e di capire gli obiettivi del progetto valutandone al meglio le affinit\u00e0 con la propria indole e le proprie aspettative . Al termine sar\u00e0 rilasciata un&#8217;attestazione di partecipazione che dar\u00e0 diritto a un punteggio aggiuntivo in sede di valutazione dei titolo presentati. <strong>Per candidarsi al tirocinio bisogna inviare il proprio curriculum esclusivamente a: scn@avissantacrocecamerina.it improrogabilmente entro il prossimo 28 giugno.<\/strong><\/p>\n","protected":false},"excerpt":{"rendered":"<p>A breve saranno pubblicati i bandi di selezione per i volontari in Servizio Civile che avranno la possibilit\u00e0 di vivere una nuova esperienza, trascorrendo un anno al servizio della collettivit\u00e0. Anche quest&#8217;anno la sede Avis di Santa Croce Camerina offre l&#8217;opportunit\u00e0 ai giovani tra i 18 e i 28 anni di svolgere un periodo di [&hellip;]<\/p>\n","protected":false},"author":34,"featured_media":58700,"comment_status":"open","ping_status":"open","sticky":false,"template":"","format":"standard","meta":{"footnotes":""},"categories":[12],"tags":[],"class_list":["post-58699","post","type-post","status-publish","format-standard","has-post-thumbnail","hentry","category-breaking"],"_links":{"self":[{"href":"https:\/\/www.santacroceweb.com\/index.php\/wp-json\/wp\/v2\/posts\/58699","targetHints":{"allow":["GET"]}}],"collection":[{"href":"https:\/\/www.santacroceweb.com\/index.php\/wp-json\/wp\/v2\/posts"}],"about":[{"href":"https:\/\/www.santacroceweb.com\/index.php\/wp-json\/wp\/v2\/types\/post"}],"author":[{"embeddable":true,"href":"https:\/\/www.santacroceweb.com\/index.php\/wp-json\/wp\/v2\/users\/34"}],"replies":[{"embeddable":true,"href":"https:\/\/www.santacroceweb.com\/index.php\/wp-json\/wp\/v2\/comments?post=58699"}],"version-history":[{"count":0,"href":"https:\/\/www.santacroceweb.com\/index.php\/wp-json\/wp\/v2\/posts\/58699\/revisions"}],"wp:featuredmedia":[{"embeddable":true,"href":"https:\/\/www.santacroceweb.com\/index.php\/wp-json\/wp\/v2\/media\/58700"}],"wp:attachment":[{"href":"https:\/\/www.santacroceweb.com\/index.php\/wp-json\/wp\/v2\/media?parent=58699"}],"wp:term":[{"taxonomy":"category","embeddable":true,"href":"https:\/\/www.santacroceweb.com\/index.php\/wp-json\/wp\/v2\/categories?post=58699"},{"taxonomy":"post_tag","embeddable":true,"href":"https:\/\/www.santacroceweb.com\/index.php\/wp-json\/wp\/v2\/tags?post=58699"}],"curies":[{"name":"wp","href":"https:\/\/api.w.org\/{rel}","templated":true}]}}