{"id":58727,"date":"2018-06-23T09:16:01","date_gmt":"2018-06-23T07:16:01","guid":{"rendered":"http:\/\/www.santacroceweb.com\/giornale1\/?p=58727"},"modified":"2018-06-23T09:16:01","modified_gmt":"2018-06-23T07:16:01","slug":"calcio-il-santa-croce-conferma-capitan-alma-da-qui-non-mi-muovo","status":"publish","type":"post","link":"https:\/\/www.santacroceweb.com\/index.php\/2018\/06\/23\/calcio-il-santa-croce-conferma-capitan-alma-da-qui-non-mi-muovo\/","title":{"rendered":"Calcio, il Santa Croce conferma capitan Alma: &#8220;Da qui non mi muovo&#8221;"},"content":{"rendered":"<p style=\"text-align: justify;\"><strong>Santa Croce nel segno della continuit\u00e0.<\/strong> Dopo l&#8217;esaltante promozione in Eccellenza, la squadra inizia a prendere forma con le prime mosse di mercato del direttore sportivo Claudio Agnello. Dopo la riconferma, quasi scontata, di mister Gaetano Lucenti sulla panchina camarinense, \u00e8 stata confermata un\u2019altra pedina protagonista della scorsa stagione. <strong>Il forte difensore Andrea Alma sar\u00e0 il capitano del Santa Croce<\/strong> anche per la stagione 2018-2019 (terzo campionato consecutivo per lui). Dopo un breve incontro con i vertici societari, il trentaseienne atleta niscemese ha dato la sua piena disponibilit\u00e0 a continuare il ciclo vincente dei biancoazzurri. \u201cLa mia missione qui non \u00e8 conclusa \u2013 commenta capitan Alma \u2013. La stagione scorsa siamo riusciti nell\u2019impresa di salire in Eccellenza ma adesso ci aspetta una nuova sfida che \u00e8 quella di dimostrare quanto la meritiamo. Sono legato a questa maglia e a questa citt\u00e0, dar\u00f2 il massimo per contribuire al raggiungimento degli obiettivi\u201d.<\/p>\n<p style=\"text-align: justify;\"><strong>La societ\u00e0 biancazzurra, con in primis il ds Claudio Agnello<\/strong>, sembra quindi intenzionata a riproporre buona parte della squadra della scorsa stagione: \u201cIn questi giorni i dirigenti stanno lavorando sull\u2019assetto societario e sulla determinazione delle proprie forze per affrontare un campionato che sar\u00e0 di certo molto impegnativo \u2013 commenta il direttore Agnello \u2013 ma le strategie di mercato sono ormai piuttosto chiare e la riconferma del capitano Alma \u00e8 gi\u00e0 un segnale positivo in questo senso. In prossimit\u00e0 dell\u2019apertura delle liste infatti, contiamo di poter registrare la disponibilit\u00e0 di gran parte della rosa della scorsa stagione, fiduciosi che il ciclo vincente possa continuare\u201d.<\/p>\n","protected":false},"excerpt":{"rendered":"<p>Santa Croce nel segno della continuit\u00e0. Dopo l&#8217;esaltante promozione in Eccellenza, la squadra inizia a prendere forma con le prime mosse di mercato del direttore sportivo Claudio Agnello. Dopo la riconferma, quasi scontata, di mister Gaetano Lucenti sulla panchina camarinense, \u00e8 stata confermata un\u2019altra pedina protagonista della scorsa stagione. Il forte difensore Andrea Alma sar\u00e0 [&hellip;]<\/p>\n","protected":false},"author":34,"featured_media":58728,"comment_status":"open","ping_status":"open","sticky":false,"template":"","format":"standard","meta":{"footnotes":""},"categories":[3],"tags":[],"class_list":["post-58727","post","type-post","status-publish","format-standard","has-post-thumbnail","hentry","category-sport"],"_links":{"self":[{"href":"https:\/\/www.santacroceweb.com\/index.php\/wp-json\/wp\/v2\/posts\/58727","targetHints":{"allow":["GET"]}}],"collection":[{"href":"https:\/\/www.santacroceweb.com\/index.php\/wp-json\/wp\/v2\/posts"}],"about":[{"href":"https:\/\/www.santacroceweb.com\/index.php\/wp-json\/wp\/v2\/types\/post"}],"author":[{"embeddable":true,"href":"https:\/\/www.santacroceweb.com\/index.php\/wp-json\/wp\/v2\/users\/34"}],"replies":[{"embeddable":true,"href":"https:\/\/www.santacroceweb.com\/index.php\/wp-json\/wp\/v2\/comments?post=58727"}],"version-history":[{"count":0,"href":"https:\/\/www.santacroceweb.com\/index.php\/wp-json\/wp\/v2\/posts\/58727\/revisions"}],"wp:featuredmedia":[{"embeddable":true,"href":"https:\/\/www.santacroceweb.com\/index.php\/wp-json\/wp\/v2\/media\/58728"}],"wp:attachment":[{"href":"https:\/\/www.santacroceweb.com\/index.php\/wp-json\/wp\/v2\/media?parent=58727"}],"wp:term":[{"taxonomy":"category","embeddable":true,"href":"https:\/\/www.santacroceweb.com\/index.php\/wp-json\/wp\/v2\/categories?post=58727"},{"taxonomy":"post_tag","embeddable":true,"href":"https:\/\/www.santacroceweb.com\/index.php\/wp-json\/wp\/v2\/tags?post=58727"}],"curies":[{"name":"wp","href":"https:\/\/api.w.org\/{rel}","templated":true}]}}