{"id":5880,"date":"2013-06-27T08:45:06","date_gmt":"2013-06-27T06:45:06","guid":{"rendered":"http:\/\/www.santacroceweb.com\/giornale1\/?p=5880"},"modified":"2013-06-27T11:29:35","modified_gmt":"2013-06-27T09:29:35","slug":"i-volontari-ripuliscono-la-spiaggia-lassessore-frena-con-quelle-pietre-ci-hanno-creato-problemi","status":"publish","type":"post","link":"https:\/\/www.santacroceweb.com\/index.php\/2013\/06\/27\/i-volontari-ripuliscono-la-spiaggia-lassessore-frena-con-quelle-pietre-ci-hanno-creato-problemi\/","title":{"rendered":"I volontari ripuliscono la spiaggia, l\u2019assessore frena: \u201cCon quelle pietre ci hanno creato problemi\u201d"},"content":{"rendered":"<p style=\"text-align: justify;\">\u201cFare o non fare?\u201d e se fare, \u201cin che misura?\u201d. Queste le domande che ci si pongono in merito a quanto accaduto negli ultimi giorni. Ricapitoliamo. Alcuni giovani volontari, appartenenti a varie associazioni, vedendo un tratto della spiaggia di Punta Secca particolarmente trascurato, hanno deciso di \u201cfare\u201d. Armati di rastrelli e buona volont\u00e0 hanno ripulito una parte di arenile con il probabile intento di dare una scossa all\u2019Amministrazione santacrocese affinch\u00e9 procedesse a sua volta lungo tutto il litorale. A ricordare l\u2019intervento dei volontari, alcuni cumuli di pietre che, dopo essere stati raccolti, sono stati disposti a piccoli mucchi, pronti per essere rimossi. A specificare \u201cin che misura fare\u201d, l\u2019assessore all\u2019Urbanistica del Comune di Santa Croce, Dino Aprile, che nel commentare l\u2019accaduto in un\u2019intervista a &#8216;La Sicilia&#8217;, ha cos\u00ec esordito: \u201cSi far\u00e0 carico il Comune della rimozione, ma dietro autorizzazione del Demanio. Spostare quelle pietre senza il nullaosta dell\u2019Ente competente non \u00e8 possibile. I giovani e volenterosi volontari ci hanno messo in difficolt\u00e0 poich\u00e9 hanno messo quei sassi in cumulo senza alcuna autorizzazione del Demanio. Le pietre non dovevano essere spostate, ma abbiamo compreso che il gruppo era in buona fede. L\u2019Amministrazione ha gi\u00e0 comunicato la cosa a Siracusa. Aspettiamo le disposizioni del caso\u201d. Pu\u00f2 un gesto spontaneo, dettato dal desiderio cittadino di migliorare una <em>\u2018res publica\u2019 <\/em>essere d\u2019intralcio, o meglio, \u2018creare difficolt\u00e0\u2019 oggettive? Forse s\u00ec o forse no, ma un proverbio dice: \u201cA caval donato non si guarda in bocca\u201d.<\/p>\n<p style=\"text-align: right;\"><strong>Antonella Galuppi<\/strong><\/p>\n","protected":false},"excerpt":{"rendered":"<p>\u201cFare o non fare?\u201d e se fare, \u201cin che misura?\u201d. Queste le domande che ci si pongono in merito a quanto accaduto negli ultimi giorni. Ricapitoliamo. Alcuni giovani volontari, appartenenti a varie associazioni, vedendo un tratto della spiaggia di Punta Secca particolarmente trascurato, hanno deciso di \u201cfare\u201d. Armati di rastrelli e buona volont\u00e0 hanno ripulito [&hellip;]<\/p>\n","protected":false},"author":4,"featured_media":5886,"comment_status":"open","ping_status":"open","sticky":false,"template":"","format":"standard","meta":{"footnotes":""},"categories":[8,1,4,11],"tags":[],"class_list":["post-5880","post","type-post","status-publish","format-standard","has-post-thumbnail","hentry","category-attualita","category-news","category-politica","category-primopiano"],"_links":{"self":[{"href":"https:\/\/www.santacroceweb.com\/index.php\/wp-json\/wp\/v2\/posts\/5880","targetHints":{"allow":["GET"]}}],"collection":[{"href":"https:\/\/www.santacroceweb.com\/index.php\/wp-json\/wp\/v2\/posts"}],"about":[{"href":"https:\/\/www.santacroceweb.com\/index.php\/wp-json\/wp\/v2\/types\/post"}],"author":[{"embeddable":true,"href":"https:\/\/www.santacroceweb.com\/index.php\/wp-json\/wp\/v2\/users\/4"}],"replies":[{"embeddable":true,"href":"https:\/\/www.santacroceweb.com\/index.php\/wp-json\/wp\/v2\/comments?post=5880"}],"version-history":[{"count":0,"href":"https:\/\/www.santacroceweb.com\/index.php\/wp-json\/wp\/v2\/posts\/5880\/revisions"}],"wp:featuredmedia":[{"embeddable":true,"href":"https:\/\/www.santacroceweb.com\/index.php\/wp-json\/wp\/v2\/media\/5886"}],"wp:attachment":[{"href":"https:\/\/www.santacroceweb.com\/index.php\/wp-json\/wp\/v2\/media?parent=5880"}],"wp:term":[{"taxonomy":"category","embeddable":true,"href":"https:\/\/www.santacroceweb.com\/index.php\/wp-json\/wp\/v2\/categories?post=5880"},{"taxonomy":"post_tag","embeddable":true,"href":"https:\/\/www.santacroceweb.com\/index.php\/wp-json\/wp\/v2\/tags?post=5880"}],"curies":[{"name":"wp","href":"https:\/\/api.w.org\/{rel}","templated":true}]}}