{"id":59181,"date":"2018-07-18T11:19:37","date_gmt":"2018-07-18T09:19:37","guid":{"rendered":"http:\/\/www.santacroceweb.com\/giornale1\/?p=59181"},"modified":"2018-07-18T11:20:02","modified_gmt":"2018-07-18T09:20:02","slug":"strappo-con-api-cappello-al-sindaco-sospendere-subito-lassessore-frasca","status":"publish","type":"post","link":"https:\/\/www.santacroceweb.com\/index.php\/2018\/07\/18\/strappo-con-api-cappello-al-sindaco-sospendere-subito-lassessore-frasca\/","title":{"rendered":"Strappo con Api, Cappello al sindaco: &#8220;Sospendere subito l&#8217;assessore Frasca&#8221;"},"content":{"rendered":"<p style=\"text-align: justify;\"><strong>Non sono terminati i venti di crisi attorno all\u2019Amministrazione Barone<\/strong>. <span style=\"text-decoration: underline; color: #0000ff;\"><a style=\"color: #0000ff; text-decoration: underline;\" href=\"https:\/\/www.santacroceweb.com\/giornale1\/index.php\/2018\/07\/17\/bagnini-senza-bonifico-non-si-parte-ma-il-sindaco-servizio-durera-45-giorni\/\">Ieri sera, nel corso dell\u2019ultima seduta del Consiglio Comunale<\/a><\/span>, a far sobbalzare il sindaco (e non solo lui) dalla sedia \u00e8 stata la dichiarazione d\u2019indipendenza pronunciata da Salvatore Cappello, che ha annunciato l\u2019abbandono del gruppo Api (Alleanza Popolare per l\u2019Italia) che qualche mese fa era stato costituito assieme alla consigliera Giusy Zisa e il cui referente, in giunta, era l\u2019assessore alla Sicurezza, Filippo Frasca.<\/p>\n<p style=\"text-align: justify;\"><strong>Adesso che il gruppo si \u00e8 smembrato<\/strong>, Cappello esce allo scoperto e formula nuove richieste: \u201cIl principio su cui si basavano gli accordi politici della prima ora, \u00e8 che ogni due consiglieri fossero rappresentanti in giunta da un assessore \u2013 spiega Cappello a Santa Croce Web -. Dal momento che questo principio \u00e8 venuto a mancare, e io non mi sento pi\u00f9 rappresentato dall\u2019assessore alla Sicurezza, chiediamo al sindaco di sospendere Frasca e tenere per s\u00e9 le deleghe in attesa di ulteriori sviluppi politici. Questa richiesta \u00e8 stata recapitata a Giovanni Barone gi\u00e0 da qualche settimana. Non si tratta di una proposta dell\u2019ultima ora. Non siamo pi\u00f9 nelle condizioni di aspettare\u201d.<\/p>\n<p style=\"text-align: justify;\"><strong>\u201cLa sospensione di Frasca<\/strong> &#8211; argomenta Cappello &#8211; sarebbe coerente col principio di equit\u00e0. In questa fase, infatti, non sarebbe corretto favorire uno dei due consiglieri di cui Frasca era espressione, n\u00e9 sfavorire l\u2019altro. Per questo il sindaco, in attesa di sviluppi, dovrebbe mantenere per s\u00e9 le deleghe. Dispiace constatare che fino ad ora non ha avuto il coraggio di assumersi le responsabilit\u00e0 che gli competono\u201d.<\/p>\n<p style=\"text-align: justify;\"><strong>La spaccatura dentro Api si verifica all\u2019indomani <span style=\"text-decoration: underline; color: #ff0000;\"><a style=\"color: #ff0000; text-decoration: underline;\" href=\"https:\/\/www.santacroceweb.com\/giornale1\/index.php\/2018\/05\/23\/tanto-tuono-che-piovve-api-chiede-lazzeramento-della-giunta-municipale\/\">di un comunicato stampa<\/a><\/span><\/strong> in cui i membri del gruppo, all\u2019unisono, chiedono a Barone l\u2019azzeramento della giunta a causa di \u201cun\u2019attivit\u00e0 amministrativa bloccata, nonch\u00e9 per scarsa attitudine alla vita amministrativa fra le varie componenti, con l\u2019aggravante che non si producono interventi per la citt\u00e0, ma primeggiano personalismi al bene comune\u201d.<\/p>\n<p style=\"text-align: justify;\"><strong>Cappello, a distanza di settimane, non ha cambiato opinione:<\/strong> \u201cIl mio giudizio sull\u2019operato amministrativo \u00e8 fin qui insufficiente. La consigliera Zisa e l\u2019assessore Frasca, a cui viene un po\u2019 difficile lasciare la poltrona, hanno cambiato idea. Ma tutto il gruppo di riferimento, ex Api, sta dalla mia parte. Adesso la palla passa al sindaco\u201d. Un sindaco a cui Cappello imputa di annaspare a \u201clivello organizzativo e programmatico, affidandosi troppo all\u2019improvvisazione. Anzich\u00e9 dire che tutto va bene, si prenda le responsabilit\u00e0 delle sue azioni. Chiediamo l\u2019immediata sospensione di Frasca: oggi, non domani\u201d.<\/p>\n","protected":false},"excerpt":{"rendered":"<p>Non sono terminati i venti di crisi attorno all\u2019Amministrazione Barone. Ieri sera, nel corso dell\u2019ultima seduta del Consiglio Comunale, a far sobbalzare il sindaco (e non solo lui) dalla sedia \u00e8 stata la dichiarazione d\u2019indipendenza pronunciata da Salvatore Cappello, che ha annunciato l\u2019abbandono del gruppo Api (Alleanza Popolare per l\u2019Italia) che qualche mese fa era [&hellip;]<\/p>\n","protected":false},"author":34,"featured_media":55461,"comment_status":"open","ping_status":"open","sticky":false,"template":"","format":"standard","meta":{"footnotes":""},"categories":[4,11],"tags":[],"class_list":["post-59181","post","type-post","status-publish","format-standard","has-post-thumbnail","hentry","category-politica","category-primopiano"],"_links":{"self":[{"href":"https:\/\/www.santacroceweb.com\/index.php\/wp-json\/wp\/v2\/posts\/59181","targetHints":{"allow":["GET"]}}],"collection":[{"href":"https:\/\/www.santacroceweb.com\/index.php\/wp-json\/wp\/v2\/posts"}],"about":[{"href":"https:\/\/www.santacroceweb.com\/index.php\/wp-json\/wp\/v2\/types\/post"}],"author":[{"embeddable":true,"href":"https:\/\/www.santacroceweb.com\/index.php\/wp-json\/wp\/v2\/users\/34"}],"replies":[{"embeddable":true,"href":"https:\/\/www.santacroceweb.com\/index.php\/wp-json\/wp\/v2\/comments?post=59181"}],"version-history":[{"count":0,"href":"https:\/\/www.santacroceweb.com\/index.php\/wp-json\/wp\/v2\/posts\/59181\/revisions"}],"wp:featuredmedia":[{"embeddable":true,"href":"https:\/\/www.santacroceweb.com\/index.php\/wp-json\/wp\/v2\/media\/55461"}],"wp:attachment":[{"href":"https:\/\/www.santacroceweb.com\/index.php\/wp-json\/wp\/v2\/media?parent=59181"}],"wp:term":[{"taxonomy":"category","embeddable":true,"href":"https:\/\/www.santacroceweb.com\/index.php\/wp-json\/wp\/v2\/categories?post=59181"},{"taxonomy":"post_tag","embeddable":true,"href":"https:\/\/www.santacroceweb.com\/index.php\/wp-json\/wp\/v2\/tags?post=59181"}],"curies":[{"name":"wp","href":"https:\/\/api.w.org\/{rel}","templated":true}]}}